{"id":168053,"date":"2026-09-01T13:41:00","date_gmt":"2026-09-01T17:41:00","guid":{"rendered":"https:\/\/www.campogrande.ms.gov.br\/cgnoticias\/?post_type=sec-noticias&#038;p=168053"},"modified":"2026-09-01T12:29:04","modified_gmt":"2026-09-01T16:29:04","slug":"projeto-leva-prevencao-a-violencia-contra-a-mulher-para-escolas","status":"publish","type":"sec-noticias","link":"https:\/\/www.campogrande.ms.gov.br\/cgnoticias\/noticia\/projeto-leva-prevencao-a-violencia-contra-a-mulher-para-escolas\/","title":{"rendered":"Projeto leva preven\u00e7\u00e3o \u00e0 viol\u00eancia contra a mulher para escolas\u00a0"},"content":{"rendered":"\n<p>Estudantes do 5\u00ba ano de cinco escolas da Rede Municipal de Ensino (Reme) participar\u00e3o do \u201cClarisse me disse\u201d, projeto que utiliza literatura, teatro e atividades em sala de aula para abordar, de forma adequada \u00e0 inf\u00e2ncia, a viol\u00eancia dom\u00e9stica e familiar contra a mulher. A parceria foi firmada nesta segunda-feira (31) entre a Prefeitura de Campo Grande e o Tribunal de Justi\u00e7a de Mato Grosso do Sul (TJMS).&nbsp;<\/p>\n\n\n\n<p>O trabalho tem como ponto de partida o livro infantil \u201cClarisse me disse\u201d, escrito e ilustrado pela ju\u00edza Caroline Costa de Camargo. A obra apresenta diferentes formas de viol\u00eancia e ajuda as crian\u00e7as a reconhecerem comportamentos abusivos, compreender rela\u00e7\u00f5es de respeito e identificar espa\u00e7os seguros de apoio.&nbsp;<\/p>\n\n\n\n<p>\u201cClarisse nasceu para dizer a essas crian\u00e7as: a hist\u00f3ria que voc\u00ea recebeu n\u00e3o precisa ser a hist\u00f3ria que voc\u00ea vai escrever no futuro\u201d, afirmou Caroline. Para a autora, a aproxima\u00e7\u00e3o entre Justi\u00e7a e educa\u00e7\u00e3o permite que o tema chegue \u00e0s crian\u00e7as antes que situa\u00e7\u00f5es de viol\u00eancia sejam naturalizadas.&nbsp;<\/p>\n\n\n\n<p>Em Campo Grande, participam inicialmente as escolas municipais Ana L\u00facia de Oliveira Batista, Iracema Maria Vicente, Prof.\u00aa Hilda de Souza Ferreira, Consulesa Margarida Maksoud Trad e Kam\u00e9 Adania. As unidades foram definidas a partir de crit\u00e9rios t\u00e9cnicos e pedag\u00f3gicos, considerando regi\u00f5es de maior vulnerabilidade social.&nbsp;<\/p>\n\n\n\n<p>Antes das a\u00e7\u00f5es com os estudantes, professores indicados pelas escolas passar\u00e3o por forma\u00e7\u00e3o preparat\u00f3ria. Na sequ\u00eancia, as crian\u00e7as receber\u00e3o exemplares do livro e acompanhar\u00e3o uma dramatiza\u00e7\u00e3o da hist\u00f3ria. O tema continuar\u00e1 sendo trabalhado em sala, com leitura orientada, rodas de conversa, desenhos e reflex\u00f5es sobre respeito, conviv\u00eancia e prote\u00e7\u00e3o.&nbsp;<\/p>\n\n\n\n<p>Durante a assinatura, a prefeita Adriane Lopes lembrou que a Reme j\u00e1 desenvolve a\u00e7\u00f5es voltadas ao enfrentamento da viol\u00eancia por meio do \u201cMeninas e Meninos Fortes\u201d e ressaltou a import\u00e2ncia de envolver meninas e meninos desde a inf\u00e2ncia. \u201cN\u00f3s temos que trabalhar tamb\u00e9m com os meninos na a\u00e7\u00e3o preventiva dentro das nossas escolas. Ent\u00e3o lan\u00e7amos o Meninas e Meninos Fortes e acredito que o \u2018Clarisse me disse\u2019 vem como uma grande parceria\u201d, afirmou.&nbsp;<\/p>\n\n\n\n<p>Coordenadora Estadual da Mulher em Situa\u00e7\u00e3o de Viol\u00eancia Dom\u00e9stica e Familiar do TJMS, a desembargadora Sandra Regina da Silva Ribeiro Artioli explicou que as cinco unidades representam a etapa inicial do trabalho. \u201cCome\u00e7amos com cinco porque \u00e9 um projeto piloto, n\u00f3s precisamos ainda aprender com o caminhar do projeto. A ideia \u00e9 que se estenda realmente para outras escolas\u201d, disse.&nbsp;<\/p>\n\n\n\n<p>O termo tem vig\u00eancia de 12 meses e prev\u00ea o acompanhamento das a\u00e7\u00f5es nas escolas participantes. Ap\u00f3s a avalia\u00e7\u00e3o dessa primeira etapa, o \u201cClarisse me disse\u201d poder\u00e1 chegar a outras unidades da Reme.&nbsp;<\/p>\n\n\n\n<p><\/p>\n","protected":false},"author":310,"featured_media":168060,"template":"","meta":{"custom_icon_class":"","footnotes":""},"categories":[79],"tags":[],"class_list":["post-168053","sec-noticias","type-sec-noticias","status-publish","has-post-thumbnail","hentry","category-prevencao"],"acf":[],"_links":{"self":[{"href":"https:\/\/www.campogrande.ms.gov.br\/cgnoticias\/wp-json\/wp\/v2\/sec-noticias\/168053"}],"collection":[{"href":"https:\/\/www.campogrande.ms.gov.br\/cgnoticias\/wp-json\/wp\/v2\/sec-noticias"}],"about":[{"href":"https:\/\/www.campogrande.ms.gov.br\/cgnoticias\/wp-json\/wp\/v2\/types\/sec-noticias"}],"author":[{"embeddable":true,"href":"https:\/\/www.campogrande.ms.gov.br\/cgnoticias\/wp-json\/wp\/v2\/users\/310"}],"version-history":[{"count":3,"href":"https:\/\/www.campogrande.ms.gov.br\/cgnoticias\/wp-json\/wp\/v2\/sec-noticias\/168053\/revisions"}],"predecessor-version":[{"id":168061,"href":"https:\/\/www.campogrande.ms.gov.br\/cgnoticias\/wp-json\/wp\/v2\/sec-noticias\/168053\/revisions\/168061"}],"wp:featuredmedia":[{"embeddable":true,"href":"https:\/\/www.campogrande.ms.gov.br\/cgnoticias\/wp-json\/wp\/v2\/media\/168060"}],"wp:attachment":[{"href":"https:\/\/www.campogrande.ms.gov.br\/cgnoticias\/wp-json\/wp\/v2\/media?parent=168053"}],"wp:term":[{"taxonomy":"category","embeddable":true,"href":"https:\/\/www.campogrande.ms.gov.br\/cgnoticias\/wp-json\/wp\/v2\/categories?post=168053"},{"taxonomy":"post_tag","embeddable":true,"href":"https:\/\/www.campogrande.ms.gov.br\/cgnoticias\/wp-json\/wp\/v2\/tags?post=168053"}],"curies":[{"name":"wp","href":"https:\/\/api.w.org\/{rel}","templated":true}]}}