{"id":168048,"date":"2026-09-01T12:55:00","date_gmt":"2026-09-01T16:55:00","guid":{"rendered":"https:\/\/www.campogrande.ms.gov.br\/cgnoticias\/?post_type=sec-noticias&#038;p=168048"},"modified":"2026-09-01T12:28:44","modified_gmt":"2026-09-01T16:28:44","slug":"semu-abre-inscricoes-para-curso-de-requeijao-de-copo","status":"publish","type":"sec-noticias","link":"https:\/\/www.campogrande.ms.gov.br\/cgnoticias\/noticia\/semu-abre-inscricoes-para-curso-de-requeijao-de-copo\/","title":{"rendered":"Semu\u00a0abre inscri\u00e7\u00f5es para curso de Requeij\u00e3o de Copo\u00a0"},"content":{"rendered":"\n<p>A Prefeitura de Campo Grande, por meio da Secretaria Executiva da Mulher (Semu), est\u00e1 com inscri\u00e7\u00f5es abertas para o Curso de Requeij\u00e3o de Copo, que ser\u00e1 realizado nos dias 15 e 16 de setembro, das 14h \u00e0s 17h, na Casa da Sopa, no Jardim&nbsp;In\u00e1polis.&nbsp;<\/p>\n\n\n\n<p>A capacita\u00e7\u00e3o busca oferecer conhecimento pr\u00e1tico que pode ser utilizado tanto como atividade manual quanto como oportunidade de gera\u00e7\u00e3o de renda.&nbsp;<\/p>\n\n\n\n<p>Durante o curso, as participantes poder\u00e3o aprender t\u00e9cnicas de produ\u00e7\u00e3o de requeij\u00e3o e adquirir uma habilidade que pode contribuir para a renda familiar. O conhecimento tamb\u00e9m pode ser o primeiro passo para quem deseja transformar a produ\u00e7\u00e3o de alimentos em uma pequena atividade empreendedora.&nbsp;<\/p>\n\n\n\n<p>Al\u00e9m de estimular o aprendizado e a criatividade, a iniciativa promove autonomia e amplia as possibilidades de qualifica\u00e7\u00e3o e gera\u00e7\u00e3o de renda para as mulheres.&nbsp;<\/p>\n\n\n\n<p><strong>Servi\u00e7o<\/strong>&nbsp;<\/p>\n\n\n\n<p>Curso de Requeij\u00e3o de Copo&nbsp;<br>Data: 15 e 16 de setembro&nbsp;<br>Hor\u00e1rio: 14h \u00e0s 17h&nbsp;<br>Local: &nbsp;Casa da Sopa \u2013&nbsp;<a href=\"https:\/\/www.google.com\/maps\/search\/Rua+Granito,+55,%0D%0AJardim+In%C3%A1polis?entry=gmail&amp;source=g\" target=\"_blank\" rel=\"noreferrer noopener\">Rua Granito, 55, Jardim In\u00e1polis<\/a>&nbsp;<br>Inscri\u00e7\u00f5es: WhatsApp &#8211; 67 981317879&nbsp;<\/p>\n\n\n\n<p><em>#PraTodosVerem: A imagem mostra o requeij\u00e3o sendo colocado na forma<\/em><\/p>\n\n\n\n<p><\/p>\n","protected":false},"author":310,"featured_media":168049,"template":"","meta":{"custom_icon_class":"","footnotes":""},"categories":[50],"tags":[],"class_list":["post-168048","sec-noticias","type-sec-noticias","status-publish","has-post-thumbnail","hentry","category-capacitacao"],"acf":[],"_links":{"self":[{"href":"https:\/\/www.campogrande.ms.gov.br\/cgnoticias\/wp-json\/wp\/v2\/sec-noticias\/168048"}],"collection":[{"href":"https:\/\/www.campogrande.ms.gov.br\/cgnoticias\/wp-json\/wp\/v2\/sec-noticias"}],"about":[{"href":"https:\/\/www.campogrande.ms.gov.br\/cgnoticias\/wp-json\/wp\/v2\/types\/sec-noticias"}],"author":[{"embeddable":true,"href":"https:\/\/www.campogrande.ms.gov.br\/cgnoticias\/wp-json\/wp\/v2\/users\/310"}],"version-history":[{"count":3,"href":"https:\/\/www.campogrande.ms.gov.br\/cgnoticias\/wp-json\/wp\/v2\/sec-noticias\/168048\/revisions"}],"predecessor-version":[{"id":168052,"href":"https:\/\/www.campogrande.ms.gov.br\/cgnoticias\/wp-json\/wp\/v2\/sec-noticias\/168048\/revisions\/168052"}],"wp:featuredmedia":[{"embeddable":true,"href":"https:\/\/www.campogrande.ms.gov.br\/cgnoticias\/wp-json\/wp\/v2\/media\/168049"}],"wp:attachment":[{"href":"https:\/\/www.campogrande.ms.gov.br\/cgnoticias\/wp-json\/wp\/v2\/media?parent=168048"}],"wp:term":[{"taxonomy":"category","embeddable":true,"href":"https:\/\/www.campogrande.ms.gov.br\/cgnoticias\/wp-json\/wp\/v2\/categories?post=168048"},{"taxonomy":"post_tag","embeddable":true,"href":"https:\/\/www.campogrande.ms.gov.br\/cgnoticias\/wp-json\/wp\/v2\/tags?post=168048"}],"curies":[{"name":"wp","href":"https:\/\/api.w.org\/{rel}","templated":true}]}}