{"id":168027,"date":"2026-09-01T08:52:22","date_gmt":"2026-09-01T12:52:22","guid":{"rendered":"https:\/\/www.campogrande.ms.gov.br\/cgnoticias\/?post_type=sec-noticias&#038;p=168027"},"modified":"2026-09-01T10:07:06","modified_gmt":"2026-09-01T14:07:06","slug":"mutirao-leva-servicos-a-pessoas-em-situacao-de-rua","status":"publish","type":"sec-noticias","link":"https:\/\/www.campogrande.ms.gov.br\/cgnoticias\/noticia\/mutirao-leva-servicos-a-pessoas-em-situacao-de-rua\/","title":{"rendered":"Mutir\u00e3o leva servi\u00e7os a pessoas em situa\u00e7\u00e3o de rua"},"content":{"rendered":"\n<p>A Unidade de Acolhimento Institucional para Adultos e Fam\u00edlias (UAIFA 1), no Bairro Jardim Veraneio, realizou um mutir\u00e3o intersetorial para atender a popula\u00e7\u00e3o em situa\u00e7\u00e3o de rua. A a\u00e7\u00e3o, em alus\u00e3o ao Dia Nacional da Luta da Popula\u00e7\u00e3o de Rua, reuniu cinco servi\u00e7os e entidades da rede de prote\u00e7\u00e3o social e atendeu cerca de 80 pessoas.<\/p>\n\n\n\n<p>Durante o mutir\u00e3o, foram oferecidos atendimentos jur\u00eddicos, servi\u00e7os de sa\u00fade, atualiza\u00e7\u00e3o do Cadastro \u00danico, orienta\u00e7\u00f5es sobre benef\u00edcios sociais, al\u00e9m de inscri\u00e7\u00f5es e atualiza\u00e7\u00f5es cadastrais para programas habitacionais.<\/p>\n\n\n\n<p>A secret\u00e1ria-adjunta de Assist\u00eancia Social, In\u00eas Mongenout, destacou a import\u00e2ncia da integra\u00e7\u00e3o dos servi\u00e7os.<\/p>\n\n\n\n<p>&#8220;Quando trazemos a rede de prote\u00e7\u00e3o para dentro da unidade de acolhimento, encurtamos dist\u00e2ncias e abrimos portas reais para a autonomia. O papel da assist\u00eancia social vai al\u00e9m de acolher, nosso compromisso \u00e9 oferecer as ferramentas para que cada pessoa reconstrua seu projeto de vida e resgate sua cidadania com dignidade e oportunidade&#8221;, afirmou.<\/p>\n\n\n\n<p>Entre os atendidos esteve Gilberto da Silva Oliveira, que est\u00e1 acolhido na unidade h\u00e1 quatro meses e atualmente trabalha no Centro POP. Durante a a\u00e7\u00e3o, ele realizou o cadastro habitacional junto \u00e0 Ag\u00eancia Municipal de Habita\u00e7\u00e3o (EMHA).<\/p>\n\n\n\n<p>&#8220;Depois de tudo o que passei, dei uma virada na minha vida. Consegui um trabalho, estou comprando meus m\u00f3veis e logo vou para o meu canto. Ter esses servi\u00e7os aqui na UAIFA facilitou demais para mim, que trabalho o dia todo. Sou muito grato por esse acolhimento, pois foi a partir daqui que consegui um emprego e estou reconstruindo a minha hist\u00f3ria com foco no meu objetivo, que \u00e9 ter a minha liberdade e a minha casa&#8221;, relatou.<\/p>\n\n\n\n<p>Tamb\u00e9m participaram da a\u00e7\u00e3o o N\u00facleo de Direitos Humanos da Defensoria P\u00fablica do Estado (NUDEDH), com orienta\u00e7\u00f5es jur\u00eddicas e encaminhamentos; a Pastoral dos Migrantes, com atendimento a estrangeiros; o Consult\u00f3rio na Rua, com avalia\u00e7\u00f5es e encaminhamentos de sa\u00fade; a EMHA, com servi\u00e7os habitacionais; e a equipe do Cadastro \u00danico, respons\u00e1vel por novos cadastros e atualiza\u00e7\u00f5es de dados.<\/p>\n","protected":false},"author":310,"featured_media":168028,"template":"","meta":{"custom_icon_class":"","footnotes":""},"categories":[],"tags":[],"class_list":["post-168027","sec-noticias","type-sec-noticias","status-publish","has-post-thumbnail","hentry"],"acf":[],"_links":{"self":[{"href":"https:\/\/www.campogrande.ms.gov.br\/cgnoticias\/wp-json\/wp\/v2\/sec-noticias\/168027"}],"collection":[{"href":"https:\/\/www.campogrande.ms.gov.br\/cgnoticias\/wp-json\/wp\/v2\/sec-noticias"}],"about":[{"href":"https:\/\/www.campogrande.ms.gov.br\/cgnoticias\/wp-json\/wp\/v2\/types\/sec-noticias"}],"author":[{"embeddable":true,"href":"https:\/\/www.campogrande.ms.gov.br\/cgnoticias\/wp-json\/wp\/v2\/users\/310"}],"version-history":[{"count":2,"href":"https:\/\/www.campogrande.ms.gov.br\/cgnoticias\/wp-json\/wp\/v2\/sec-noticias\/168027\/revisions"}],"predecessor-version":[{"id":168030,"href":"https:\/\/www.campogrande.ms.gov.br\/cgnoticias\/wp-json\/wp\/v2\/sec-noticias\/168027\/revisions\/168030"}],"wp:featuredmedia":[{"embeddable":true,"href":"https:\/\/www.campogrande.ms.gov.br\/cgnoticias\/wp-json\/wp\/v2\/media\/168028"}],"wp:attachment":[{"href":"https:\/\/www.campogrande.ms.gov.br\/cgnoticias\/wp-json\/wp\/v2\/media?parent=168027"}],"wp:term":[{"taxonomy":"category","embeddable":true,"href":"https:\/\/www.campogrande.ms.gov.br\/cgnoticias\/wp-json\/wp\/v2\/categories?post=168027"},{"taxonomy":"post_tag","embeddable":true,"href":"https:\/\/www.campogrande.ms.gov.br\/cgnoticias\/wp-json\/wp\/v2\/tags?post=168027"}],"curies":[{"name":"wp","href":"https:\/\/api.w.org\/{rel}","templated":true}]}}