{"id":168020,"date":"2026-08-31T17:01:26","date_gmt":"2026-08-31T21:01:26","guid":{"rendered":"https:\/\/www.campogrande.ms.gov.br\/cgnoticias\/?post_type=sec-noticias&#038;p=168020"},"modified":"2026-08-31T17:01:27","modified_gmt":"2026-08-31T21:01:27","slug":"primt-itinerante-encerra-inscricoes-da-2a-edicao-no-jardim-canguru","status":"publish","type":"sec-noticias","link":"https:\/\/www.campogrande.ms.gov.br\/cgnoticias\/noticia\/primt-itinerante-encerra-inscricoes-da-2a-edicao-no-jardim-canguru\/","title":{"rendered":"Primt Itinerante encerra inscri\u00e7\u00f5es da 2\u00aa edi\u00e7\u00e3o no Jardim Canguru\u00a0"},"content":{"rendered":"\n<p>O Jardim Canguru recebeu, nesta segunda-feira (31), a \u00faltima etapa de inscri\u00e7\u00f5es da segunda edi\u00e7\u00e3o do&nbsp;Primt&nbsp;Itinerante (Programa de Inclus\u00e3o ao Mercado de Trabalho). A a\u00e7\u00e3o foi realizada no CRAS Canguru, com atendimento a 130 candidatos.&nbsp;<\/p>\n\n\n\n<p>Ao longo das cinco agendas, realizadas na Vila Popular, Vida Nova, Aero Rancho, Moreninhas e Jardim Canguru, mais de 850 pessoas procuraram o atendimento.&nbsp;A sele\u00e7\u00e3o itinerante foi organizada pela&nbsp;Funsat&nbsp;(Funda\u00e7\u00e3o Social do Trabalho) para formar um Cadastro Reserva com 400 classificados.&nbsp;<\/p>\n\n\n\n<p>As entrevistas e a confer\u00eancia da documenta\u00e7\u00e3o ocorreram entre os dias 24 e 31 de agosto.&nbsp;O&nbsp;resultado final&nbsp;da segunda edi\u00e7\u00e3o ser\u00e1 divulgado na quarta-feira (2 de setembro), ap\u00f3s a conclus\u00e3o da apura\u00e7\u00e3o das fichas coletadas.&nbsp;<\/p>\n\n\n\n<p><strong>Moradores participaram da \u00faltima etapa<\/strong>&nbsp;<\/p>\n\n\n\n<p>Entre os primeiros candidatos a chegar ao Jardim Canguru estava&nbsp;Joziane&nbsp;Lopes, 40 anos. Moradora do Jardim Centro-Oeste, ela chegou ao local na tarde de domingo (30), antecipando-se ao atendimento da segunda-feira.&nbsp;\u201cNo que pude colaborar, fiz a minha parte, pois n\u00e3o vejo apenas como concorrentes os que passaram pelo que passei. Os primeiros a chegarem tamb\u00e9m ajudaram a manter tudo em ordem antes da distribui\u00e7\u00e3o das senhas\u201d, relatou.&nbsp;<\/p>\n\n\n\n<p>O atendimento come\u00e7ou \u00e0s 7h e se estendeu at\u00e9 depois das 13h, com a equipe da Funsat realizando a triagem documental e as entrevistas dos candidatos.&nbsp;<\/p>\n\n\n\n<p>Marilene&nbsp;Jarcem, presidente da Associa\u00e7\u00e3o de Moradores do Jardim Canguru, acompanhou a organiza\u00e7\u00e3o da a\u00e7\u00e3o desde o in\u00edcio.&nbsp;\u201cFoi na nossa regi\u00e3o, ent\u00e3o fiz quest\u00e3o de estar junto, conversar com as pessoas e acompanhar a organiza\u00e7\u00e3o. \u00c9 nosso papel fiscalizar o Poder P\u00fablico&nbsp;e tamb\u00e9m&nbsp;ser parceira da comunidade\u201d, afirmou.&nbsp;<\/p>\n\n\n\n<p>Para&nbsp;Dafiny&nbsp;Andressa Franco, 23 anos, a participa\u00e7\u00e3o no \u00faltimo dia foi uma oportunidade de tentar ingressar no programa. Moradora do Jardim Canguru, ela recebeu a senha 32.&nbsp;\u201cDeixei para o \u00faltimo dia porque sou moradora daqui. Imaginava que a procura seria grande, pois h\u00e1 muitas recomenda\u00e7\u00f5es sobre o programa\u201d, disse.&nbsp;<\/p>\n\n\n\n<p>Morador do Jardim Caiob\u00e1, Lucas Augusto Mendes, 36 anos, tamb\u00e9m participou da etapa no Canguru. Ele chegou ao local no dia anterior e recebeu a senha 65.&nbsp;<\/p>\n\n\n\n<p>\u201cVale muito a pena, seja pela condi\u00e7\u00e3o de ter uma renda, quanto pela oportunidade de estudar. Distribu\u00ed muitos curr\u00edculos, mas n\u00e3o fui chamado. Preciso dessa oportunidade para buscar novas perspectivas\u201d, contou.&nbsp;<\/p>\n\n\n\n<p><strong>Qualifica\u00e7\u00e3o e inclus\u00e3o<\/strong>&nbsp;<\/p>\n\n\n\n<p>Mauro Jos\u00e9 Lopes da Silva, 57 anos, morador do Jardim Colibri, tamb\u00e9m esteve entre os candidatos. Para ele, a participa\u00e7\u00e3o no programa pode representar uma oportunidade de conciliar trabalho e qualifica\u00e7\u00e3o.&nbsp;<\/p>\n\n\n\n<p>\u201cO Primt \u00e9 uma m\u00e3o dupla. A gente cuida da cidade e a Prefeitura cuida da gente. Trabalho como pintor e acho que posso ser \u00fatil. Se precisar dos cursos, fa\u00e7o tamb\u00e9m. S\u00f3 quero ter uma renda\u201d, afirmou.&nbsp;<\/p>\n\n\n\n<p>Com o encerramento da segunda edi\u00e7\u00e3o do&nbsp;Primt&nbsp;Itinerante, a&nbsp;Funsat&nbsp;inicia agora a etapa de an\u00e1lise das inscri\u00e7\u00f5es. A rela\u00e7\u00e3o dos classificados ser\u00e1 publicada no&nbsp;Diogrande, contemplando os crit\u00e9rios de ampla concorr\u00eancia e cotas.&nbsp;<\/p>\n","protected":false},"author":310,"featured_media":168021,"template":"","meta":{"custom_icon_class":"","footnotes":""},"categories":[47],"tags":[],"class_list":["post-168020","sec-noticias","type-sec-noticias","status-publish","has-post-thumbnail","hentry","category-oportunidade"],"acf":[],"_links":{"self":[{"href":"https:\/\/www.campogrande.ms.gov.br\/cgnoticias\/wp-json\/wp\/v2\/sec-noticias\/168020"}],"collection":[{"href":"https:\/\/www.campogrande.ms.gov.br\/cgnoticias\/wp-json\/wp\/v2\/sec-noticias"}],"about":[{"href":"https:\/\/www.campogrande.ms.gov.br\/cgnoticias\/wp-json\/wp\/v2\/types\/sec-noticias"}],"author":[{"embeddable":true,"href":"https:\/\/www.campogrande.ms.gov.br\/cgnoticias\/wp-json\/wp\/v2\/users\/310"}],"version-history":[{"count":2,"href":"https:\/\/www.campogrande.ms.gov.br\/cgnoticias\/wp-json\/wp\/v2\/sec-noticias\/168020\/revisions"}],"predecessor-version":[{"id":168023,"href":"https:\/\/www.campogrande.ms.gov.br\/cgnoticias\/wp-json\/wp\/v2\/sec-noticias\/168020\/revisions\/168023"}],"wp:featuredmedia":[{"embeddable":true,"href":"https:\/\/www.campogrande.ms.gov.br\/cgnoticias\/wp-json\/wp\/v2\/media\/168021"}],"wp:attachment":[{"href":"https:\/\/www.campogrande.ms.gov.br\/cgnoticias\/wp-json\/wp\/v2\/media?parent=168020"}],"wp:term":[{"taxonomy":"category","embeddable":true,"href":"https:\/\/www.campogrande.ms.gov.br\/cgnoticias\/wp-json\/wp\/v2\/categories?post=168020"},{"taxonomy":"post_tag","embeddable":true,"href":"https:\/\/www.campogrande.ms.gov.br\/cgnoticias\/wp-json\/wp\/v2\/tags?post=168020"}],"curies":[{"name":"wp","href":"https:\/\/api.w.org\/{rel}","templated":true}]}}