{"id":168017,"date":"2026-08-31T16:31:48","date_gmt":"2026-08-31T20:31:48","guid":{"rendered":"https:\/\/www.campogrande.ms.gov.br\/cgnoticias\/?post_type=sec-noticias&#038;p=168017"},"modified":"2026-08-31T16:31:48","modified_gmt":"2026-08-31T20:31:48","slug":"moreninhas-serao-contempladas-com-espaco-esportivo-no-jacques-da-luz","status":"publish","type":"sec-noticias","link":"https:\/\/www.campogrande.ms.gov.br\/cgnoticias\/noticia\/moreninhas-serao-contempladas-com-espaco-esportivo-no-jacques-da-luz\/","title":{"rendered":"Moreninhas ser\u00e3o contempladas com espa\u00e7o esportivo no Jacques da Luz\u00a0"},"content":{"rendered":"\n<p>A Prefeitura de Campo Grande publicou no Di\u00e1rio Oficial (Diogrande)&nbsp;desta segunda-feira (31) a&nbsp;homologa\u00e7\u00e3o da empresa que ser\u00e1 respons\u00e1vel por executar a constru\u00e7\u00e3o de um novo espa\u00e7o esportivo no parque Jacques da Luz, na Moreninha III. A obra, or\u00e7ada em R$ 1.357.000,00 ser\u00e1 desenvolvida pela&nbsp;Laboissier&nbsp;Engenharia Ltda.&nbsp;<\/p>\n\n\n\n<p>Ao todo, o projeto contempla 3 mil metros quadrados, em que a nova estrutura contar\u00e1 com campo de futebol society de gramado sint\u00e9tico e alambrado, meia quadra de basquete, playground e pista de caminhada, al\u00e9m de \u00e1reas de jardim e paisagismo.&nbsp;&nbsp;<\/p>\n\n\n\n<p>O projeto tamb\u00e9m contar\u00e1 com acessibilidade em todos os ambientes, incluindo rampas e adapta\u00e7\u00f5es para facilitar o acesso de pessoas com defici\u00eancia ou mobilidade reduzida.&nbsp;&nbsp;<\/p>\n\n\n\n<figure class=\"wp-block-image  has-caption size-large\"><img fetchpriority=\"high\" decoding=\"async\" width=\"1024\" height=\"571\" src=\"https:\/\/cdn.campogrande.ms.gov.br\/portal\/prod\/uploads\/sites\/3\/2026\/08\/Captura-de-tela-2026-08-31-161839-1024x571.png\" alt=\"\" class=\"wp-image-168015\" srcset=\"https:\/\/cdn.campogrande.ms.gov.br\/portal\/prod\/uploads\/sites\/3\/2026\/08\/Captura-de-tela-2026-08-31-161839-1024x571.png 1024w, https:\/\/cdn.campogrande.ms.gov.br\/portal\/prod\/uploads\/sites\/3\/2026\/08\/Captura-de-tela-2026-08-31-161839-300x167.png 300w, https:\/\/cdn.campogrande.ms.gov.br\/portal\/prod\/uploads\/sites\/3\/2026\/08\/Captura-de-tela-2026-08-31-161839-768x428.png 768w, https:\/\/cdn.campogrande.ms.gov.br\/portal\/prod\/uploads\/sites\/3\/2026\/08\/Captura-de-tela-2026-08-31-161839-1536x856.png 1536w, https:\/\/cdn.campogrande.ms.gov.br\/portal\/prod\/uploads\/sites\/3\/2026\/08\/Captura-de-tela-2026-08-31-161839-356x200.png 356w, https:\/\/cdn.campogrande.ms.gov.br\/portal\/prod\/uploads\/sites\/3\/2026\/08\/Captura-de-tela-2026-08-31-161839.png 1580w\" sizes=\"(max-width: 1024px) 100vw, 1024px\" \/><figcaption class=\"wp-element-caption\">Imagem a\u00e9rea do Parque Jacques da Luz<\/figcaption><\/figure>\n\n\n\n<p>&nbsp;\u201cEstamos investindo em obras que fazem diferen\u00e7a na vida das pessoas e que ajudam a transformar os bairros. O Parque Jacques da Luz ter\u00e1 um espa\u00e7o para as fam\u00edlias, para as crian\u00e7as e para quem gosta de praticar esportes. \u00c9 mais uma obra que mostra o nosso compromisso em levar investimentos para diferentes regi\u00f5es da cidade e melhorar a vida da popula\u00e7\u00e3o\u201d, afirmou Adriane Lopes, prefeita de Campo Grande.&nbsp;<\/p>\n\n\n\n<p>Com a homologa\u00e7\u00e3o da empresa vencedora, a Prefeitura dar\u00e1 sequ\u00eancia aos procedimentos administrativos necess\u00e1rios para a emiss\u00e3o da ordem de servi\u00e7o e o in\u00edcio da constru\u00e7\u00e3o do espa\u00e7o, a partir da publica\u00e7\u00e3o da execu\u00e7\u00e3o ter\u00e1 o prazo de cinco meses.&nbsp;<\/p>\n\n\n\n<p><em>#PraTodosVerem: A imagem em destaque mostra o projeto&nbsp;do espa\u00e7os&nbsp;do parque esportivo<\/em>&nbsp;<\/p>\n","protected":false},"author":310,"featured_media":168014,"template":"","meta":{"custom_icon_class":"","footnotes":""},"categories":[19],"tags":[],"class_list":["post-168017","sec-noticias","type-sec-noticias","status-publish","has-post-thumbnail","hentry","category-esporte"],"acf":[],"_links":{"self":[{"href":"https:\/\/www.campogrande.ms.gov.br\/cgnoticias\/wp-json\/wp\/v2\/sec-noticias\/168017"}],"collection":[{"href":"https:\/\/www.campogrande.ms.gov.br\/cgnoticias\/wp-json\/wp\/v2\/sec-noticias"}],"about":[{"href":"https:\/\/www.campogrande.ms.gov.br\/cgnoticias\/wp-json\/wp\/v2\/types\/sec-noticias"}],"author":[{"embeddable":true,"href":"https:\/\/www.campogrande.ms.gov.br\/cgnoticias\/wp-json\/wp\/v2\/users\/310"}],"version-history":[{"count":2,"href":"https:\/\/www.campogrande.ms.gov.br\/cgnoticias\/wp-json\/wp\/v2\/sec-noticias\/168017\/revisions"}],"predecessor-version":[{"id":168019,"href":"https:\/\/www.campogrande.ms.gov.br\/cgnoticias\/wp-json\/wp\/v2\/sec-noticias\/168017\/revisions\/168019"}],"wp:featuredmedia":[{"embeddable":true,"href":"https:\/\/www.campogrande.ms.gov.br\/cgnoticias\/wp-json\/wp\/v2\/media\/168014"}],"wp:attachment":[{"href":"https:\/\/www.campogrande.ms.gov.br\/cgnoticias\/wp-json\/wp\/v2\/media?parent=168017"}],"wp:term":[{"taxonomy":"category","embeddable":true,"href":"https:\/\/www.campogrande.ms.gov.br\/cgnoticias\/wp-json\/wp\/v2\/categories?post=168017"},{"taxonomy":"post_tag","embeddable":true,"href":"https:\/\/www.campogrande.ms.gov.br\/cgnoticias\/wp-json\/wp\/v2\/tags?post=168017"}],"curies":[{"name":"wp","href":"https:\/\/api.w.org\/{rel}","templated":true}]}}