{"id":168005,"date":"2026-08-31T12:43:00","date_gmt":"2026-08-31T16:43:00","guid":{"rendered":"https:\/\/www.campogrande.ms.gov.br\/cgnoticias\/?post_type=sec-noticias&#038;p=168005"},"modified":"2026-08-31T12:46:55","modified_gmt":"2026-08-31T16:46:55","slug":"escola-do-suas-completa-5-anos-com-83-mil-capacitados","status":"publish","type":"sec-noticias","link":"https:\/\/www.campogrande.ms.gov.br\/cgnoticias\/noticia\/escola-do-suas-completa-5-anos-com-83-mil-capacitados\/","title":{"rendered":"Escola do SUAS completa 5 anos com 8,3 mil capacitados"},"content":{"rendered":"\n<p>A Escola Municipal do Sistema \u00danico de Assist\u00eancia Social (SUAS) completa cinco anos com 8.303 trabalhadores capacitados e 275 a\u00e7\u00f5es educativas voltadas \u00e0 qualifica\u00e7\u00e3o da rede socioassistencial de Campo Grande. Os resultados foram apresentados durante o encerramento do I Col\u00f3quio Entre Saberes e Pr\u00e1ticas: Di\u00e1logos Cient\u00edficos no Campo da Assist\u00eancia Social e dos Direitos Humanos.<\/p>\n\n\n\n<p>Promovido pela Secretaria de Assist\u00eancia Social e Cidadania (SAS), por meio da Superintend\u00eancia de Gest\u00e3o do SUAS, da Ger\u00eancia de Educa\u00e7\u00e3o Permanente e da Escola Municipal do SUAS, o Col\u00f3quio come\u00e7ou em mar\u00e7o e reuniu 14 pesquisas de p\u00f3s-gradua\u00e7\u00e3o produzidas por servidores da rede socioassistencial.<\/p>\n\n\n\n<p>Na etapa final, os pesquisadores Thiago de Brito Ribeiro, Cleberson da Silva Alves, Ana Maria Esp\u00edndola e Eliezer Grilo apresentaram estudos sobre diferentes quest\u00f5es relacionadas ao cotidiano dos servi\u00e7os, incluindo sa\u00fade mental no ambiente de trabalho e viol\u00eancia de g\u00eanero.<\/p>\n\n\n\n<p>A proposta aproxima o conhecimento produzido nas universidades e pelos pr\u00f3prios profissionais da realidade encontrada nos servi\u00e7os municipais. Os estudos abordam temas que atravessam a pol\u00edtica de Assist\u00eancia Social e contribuem para a reflex\u00e3o sobre pr\u00e1ticas profissionais e atendimento \u00e0 popula\u00e7\u00e3o.<\/p>\n\n\n\n<figure class=\"wp-block-image size-large\"><img fetchpriority=\"high\" decoding=\"async\" width=\"1024\" height=\"576\" src=\"https:\/\/cdn.campogrande.ms.gov.br\/portal\/prod\/uploads\/sites\/3\/2026\/08\/WhatsApp-Image-2026-08-28-at-11.50.47-1024x576.jpeg\" alt=\"\" class=\"wp-image-168007\" srcset=\"https:\/\/cdn.campogrande.ms.gov.br\/portal\/prod\/uploads\/sites\/3\/2026\/08\/WhatsApp-Image-2026-08-28-at-11.50.47-1024x576.jpeg 1024w, https:\/\/cdn.campogrande.ms.gov.br\/portal\/prod\/uploads\/sites\/3\/2026\/08\/WhatsApp-Image-2026-08-28-at-11.50.47-300x169.jpeg 300w, https:\/\/cdn.campogrande.ms.gov.br\/portal\/prod\/uploads\/sites\/3\/2026\/08\/WhatsApp-Image-2026-08-28-at-11.50.47-768x432.jpeg 768w, https:\/\/cdn.campogrande.ms.gov.br\/portal\/prod\/uploads\/sites\/3\/2026\/08\/WhatsApp-Image-2026-08-28-at-11.50.47-890x500.jpeg 890w, https:\/\/cdn.campogrande.ms.gov.br\/portal\/prod\/uploads\/sites\/3\/2026\/08\/WhatsApp-Image-2026-08-28-at-11.50.47-356x200.jpeg 356w, https:\/\/cdn.campogrande.ms.gov.br\/portal\/prod\/uploads\/sites\/3\/2026\/08\/WhatsApp-Image-2026-08-28-at-11.50.47.jpeg 1280w\" sizes=\"(max-width: 1024px) 100vw, 1024px\" \/><\/figure>\n\n\n\n<h5 class=\"wp-block-heading\">Forma\u00e7\u00e3o continuada<\/h5>\n\n\n\n<p>A Escola Municipal do SUAS \u00e9 uma unidade descentralizada da SAS voltada \u00e0 forma\u00e7\u00e3o continuada de profissionais, gestores, conselheiros de direitos e demais integrantes da rede municipal. O processo de estrutura\u00e7\u00e3o come\u00e7ou em 2017 e a institui\u00e7\u00e3o foi oficializada em 2021.<\/p>\n\n\n\n<p>Em cinco anos, foram realizadas 275 a\u00e7\u00f5es educativas, com participa\u00e7\u00e3o de 8.303 trabalhadores. A forma\u00e7\u00e3o permanente contribui para a atualiza\u00e7\u00e3o dos profissionais e para o aprimoramento das pr\u00e1ticas desenvolvidas nos servi\u00e7os socioassistenciais.<\/p>\n\n\n\n<p>Para a superintendente de Gest\u00e3o do SUAS, Marcilene Rodrigues, a forma\u00e7\u00e3o tamb\u00e9m fortalece a identidade dos profissionais que atuam na \u00e1rea. &#8220;A educa\u00e7\u00e3o permanente nos traz de volta o pertencimento. O trabalho perpassa pelo m\u00e9todo e pela teoria, sempre pensando no cidad\u00e3o e na garantia de direitos&#8221;, pontuou.<\/p>\n\n\n\n<p>A secret\u00e1ria-adjunta de Assist\u00eancia Social e Cidadania, In\u00eas Mongenout, destacou o papel da institui\u00e7\u00e3o na qualifica\u00e7\u00e3o dos profissionais. &#8220;Acreditamos que o nosso fazer impacta vidas. O fazer t\u00e9cnico da assist\u00eancia somos n\u00f3s que detemos, e a escola nos traz inje\u00e7\u00e3o constante de saber&#8221;, disse.<\/p>\n\n\n\n<p>A gerente da Escola Municipal do SUAS, Ana Maria Esp\u00edndola, tamb\u00e9m destacou a contribui\u00e7\u00e3o das pesquisas desenvolvidas pelos pr\u00f3prios servidores. &#8220;Nossa pol\u00edtica p\u00fablica se fortalece a partir das nossas pr\u00e1ticas e do nosso saber. As pesquisas desenvolvidas aqui t\u00eam impacto relevante para Campo Grande e proje\u00e7\u00e3o no cen\u00e1rio nacional&#8221;, concluiu.<\/p>\n\n\n\n<p><em>#ParaTodosVeem: A imagem de capa mostra homem discursando no encerramento do I Col\u00f3quio Entre Saberes e Pr\u00e1ticas: Di\u00e1logos Cient\u00edficos no Campo da Assist\u00eancia Social e dos Direitos Humanos, com tel\u00e3o exibindo o tema &#8220;Recome\u00e7ar&#8221; ao fundo.<\/em><\/p>\n","protected":false},"author":310,"featured_media":168006,"template":"","meta":{"custom_icon_class":"","footnotes":""},"categories":[131],"tags":[],"class_list":["post-168005","sec-noticias","type-sec-noticias","status-publish","has-post-thumbnail","hentry","category-administracao"],"acf":[],"_links":{"self":[{"href":"https:\/\/www.campogrande.ms.gov.br\/cgnoticias\/wp-json\/wp\/v2\/sec-noticias\/168005"}],"collection":[{"href":"https:\/\/www.campogrande.ms.gov.br\/cgnoticias\/wp-json\/wp\/v2\/sec-noticias"}],"about":[{"href":"https:\/\/www.campogrande.ms.gov.br\/cgnoticias\/wp-json\/wp\/v2\/types\/sec-noticias"}],"author":[{"embeddable":true,"href":"https:\/\/www.campogrande.ms.gov.br\/cgnoticias\/wp-json\/wp\/v2\/users\/310"}],"version-history":[{"count":3,"href":"https:\/\/www.campogrande.ms.gov.br\/cgnoticias\/wp-json\/wp\/v2\/sec-noticias\/168005\/revisions"}],"predecessor-version":[{"id":168010,"href":"https:\/\/www.campogrande.ms.gov.br\/cgnoticias\/wp-json\/wp\/v2\/sec-noticias\/168005\/revisions\/168010"}],"wp:featuredmedia":[{"embeddable":true,"href":"https:\/\/www.campogrande.ms.gov.br\/cgnoticias\/wp-json\/wp\/v2\/media\/168006"}],"wp:attachment":[{"href":"https:\/\/www.campogrande.ms.gov.br\/cgnoticias\/wp-json\/wp\/v2\/media?parent=168005"}],"wp:term":[{"taxonomy":"category","embeddable":true,"href":"https:\/\/www.campogrande.ms.gov.br\/cgnoticias\/wp-json\/wp\/v2\/categories?post=168005"},{"taxonomy":"post_tag","embeddable":true,"href":"https:\/\/www.campogrande.ms.gov.br\/cgnoticias\/wp-json\/wp\/v2\/tags?post=168005"}],"curies":[{"name":"wp","href":"https:\/\/api.w.org\/{rel}","templated":true}]}}