{"id":167988,"date":"2026-08-31T09:41:00","date_gmt":"2026-08-31T13:41:00","guid":{"rendered":"https:\/\/www.campogrande.ms.gov.br\/cgnoticias\/?post_type=sec-noticias&#038;p=167988"},"modified":"2026-08-31T11:26:21","modified_gmt":"2026-08-31T15:26:21","slug":"formacao-da-reme-aborda-transtornos-de-aprendizagem","status":"publish","type":"sec-noticias","link":"https:\/\/www.campogrande.ms.gov.br\/cgnoticias\/noticia\/formacao-da-reme-aborda-transtornos-de-aprendizagem\/","title":{"rendered":"Forma\u00e7\u00e3o da Reme aborda transtornos de aprendizagem"},"content":{"rendered":"\n<p>Psicopedagogas que atuam nas escolas da Rede Municipal de Ensino (Reme) participam, a cada 15 dias, de encontros de forma\u00e7\u00e3o voltados ao estudo de dificuldades e transtornos de aprendizagem. As atividades re\u00fanem estudos te\u00f3ricos, troca de experi\u00eancias e pr\u00e1ticas que podem ser aplicadas nos atendimentos realizados nas unidades escolares.<\/p>\n\n\n\n<p>Na \u00faltima semana, as profissionais apresentaram trabalhos desenvolvidos em grupo a partir de temas definidos previamente. Entre os assuntos estudados ao longo da forma\u00e7\u00e3o est\u00e3o dislexia, discalculia e disgrafia, com discuss\u00f5es sobre sinais observados em sala de aula, estrat\u00e9gias pedag\u00f3gicas e produ\u00e7\u00e3o de recursos para auxiliar o acompanhamento dos estudantes.<\/p>\n\n\n\n<p>A forma\u00e7\u00e3o tamb\u00e9m permite que a equipe compartilhe situa\u00e7\u00f5es encontradas durante os atendimentos e busque alternativas para diferentes demandas. Segundo a t\u00e9cnica do Grupo de Apoio Psicopedag\u00f3gico (GAPSI), Marli Leal de Castro, os encontros ajudam as profissionais a esclarecer d\u00favidas e acompanhar atualiza\u00e7\u00f5es relacionadas \u00e0 \u00e1rea.<\/p>\n\n\n\n<p>\u201cN\u00f3s fazemos a forma\u00e7\u00e3o a cada 15 dias para tirar as d\u00favidas que v\u00e3o surgindo durante o atendimento e tamb\u00e9m para estarmos por dentro das novas leis, dos novos regulamentos e regimentos\u201d, explicou.<\/p>\n\n\n\n<p>Com forma\u00e7\u00e3o em m\u00fasica e musicaliza\u00e7\u00e3o, Marli tamb\u00e9m apresentou possibilidades de utilizar a m\u00fasica como recurso para estimular a aten\u00e7\u00e3o e concentra\u00e7\u00e3o. A proposta foi relacionada especialmente ao acompanhamento de estudantes com TDAH.<\/p>\n\n\n\n<p>\u201cApresentei a musicaliza\u00e7\u00e3o como sugest\u00e3o de treinamento de foco para o c\u00e9rebro, principalmente para o TDAH\u201d, contou.<\/p>\n\n\n\n<figure class=\"wp-block-gallery has-nested-images columns-default is-cropped wp-block-gallery-1 is-layout-flex wp-block-gallery-is-layout-flex\">\n<figure class=\"wp-block-image size-large\"><img fetchpriority=\"high\" decoding=\"async\" width=\"1024\" height=\"759\" data-id=\"167990\" src=\"https:\/\/cdn.campogrande.ms.gov.br\/portal\/prod\/uploads\/sites\/3\/2026\/08\/WhatsApp-Image-2026-08-28-at-13.57.40-1024x759.jpeg\" alt=\"\" class=\"wp-image-167990\" srcset=\"https:\/\/cdn.campogrande.ms.gov.br\/portal\/prod\/uploads\/sites\/3\/2026\/08\/WhatsApp-Image-2026-08-28-at-13.57.40-1024x759.jpeg 1024w, https:\/\/cdn.campogrande.ms.gov.br\/portal\/prod\/uploads\/sites\/3\/2026\/08\/WhatsApp-Image-2026-08-28-at-13.57.40-300x222.jpeg 300w, https:\/\/cdn.campogrande.ms.gov.br\/portal\/prod\/uploads\/sites\/3\/2026\/08\/WhatsApp-Image-2026-08-28-at-13.57.40-768x569.jpeg 768w, https:\/\/cdn.campogrande.ms.gov.br\/portal\/prod\/uploads\/sites\/3\/2026\/08\/WhatsApp-Image-2026-08-28-at-13.57.40.jpeg 1181w\" sizes=\"(max-width: 1024px) 100vw, 1024px\" \/><\/figure>\n<\/figure>\n\n\n\n<h5 class=\"wp-block-heading\">Troca com professores e fam\u00edlias<\/h5>\n\n\n\n<p>Al\u00e9m dos estudos e das atividades pr\u00e1ticas, o trabalho psicopedag\u00f3gico envolve a articula\u00e7\u00e3o com os profissionais que acompanham os estudantes diariamente em sala de aula. A troca de informa\u00e7\u00f5es ajuda a equipe a compreender o desenvolvimento de cada crian\u00e7a e a identificar situa\u00e7\u00f5es que merecem aten\u00e7\u00e3o.<\/p>\n\n\n\n<p>Coordenadora do Centro Municipal de Educa\u00e7\u00e3o Especial Inclusiva da Secretaria Municipal de Educa\u00e7\u00e3o (Semed), T\u00e2nia Maria Fili\u00fa destaca que o contato com os professores contribui para esse acompanhamento.<\/p>\n\n\n\n<p>\u201c\u00c9 importante ter esse v\u00ednculo com os professores, porque nada melhor do que eles nos darem informa\u00e7\u00f5es sobre o desenvolvimento dessa crian\u00e7a\u201d, afirmou.<\/p>\n\n\n\n<p>Os encontros fazem parte do calend\u00e1rio anual de forma\u00e7\u00e3o da equipe e continuam ao longo do ano, com novos temas definidos a partir das demandas identificadas no trabalho psicopedag\u00f3gico nas unidades da Reme.<\/p>\n","protected":false},"author":310,"featured_media":167989,"template":"","meta":{"custom_icon_class":"","footnotes":""},"categories":[38],"tags":[],"class_list":["post-167988","sec-noticias","type-sec-noticias","status-publish","has-post-thumbnail","hentry","category-educacao"],"acf":[],"_links":{"self":[{"href":"https:\/\/www.campogrande.ms.gov.br\/cgnoticias\/wp-json\/wp\/v2\/sec-noticias\/167988"}],"collection":[{"href":"https:\/\/www.campogrande.ms.gov.br\/cgnoticias\/wp-json\/wp\/v2\/sec-noticias"}],"about":[{"href":"https:\/\/www.campogrande.ms.gov.br\/cgnoticias\/wp-json\/wp\/v2\/types\/sec-noticias"}],"author":[{"embeddable":true,"href":"https:\/\/www.campogrande.ms.gov.br\/cgnoticias\/wp-json\/wp\/v2\/users\/310"}],"version-history":[{"count":4,"href":"https:\/\/www.campogrande.ms.gov.br\/cgnoticias\/wp-json\/wp\/v2\/sec-noticias\/167988\/revisions"}],"predecessor-version":[{"id":168004,"href":"https:\/\/www.campogrande.ms.gov.br\/cgnoticias\/wp-json\/wp\/v2\/sec-noticias\/167988\/revisions\/168004"}],"wp:featuredmedia":[{"embeddable":true,"href":"https:\/\/www.campogrande.ms.gov.br\/cgnoticias\/wp-json\/wp\/v2\/media\/167989"}],"wp:attachment":[{"href":"https:\/\/www.campogrande.ms.gov.br\/cgnoticias\/wp-json\/wp\/v2\/media?parent=167988"}],"wp:term":[{"taxonomy":"category","embeddable":true,"href":"https:\/\/www.campogrande.ms.gov.br\/cgnoticias\/wp-json\/wp\/v2\/categories?post=167988"},{"taxonomy":"post_tag","embeddable":true,"href":"https:\/\/www.campogrande.ms.gov.br\/cgnoticias\/wp-json\/wp\/v2\/tags?post=167988"}],"curies":[{"name":"wp","href":"https:\/\/api.w.org\/{rel}","templated":true}]}}