{"id":167982,"date":"2026-08-31T08:38:00","date_gmt":"2026-08-31T12:38:00","guid":{"rendered":"https:\/\/www.campogrande.ms.gov.br\/cgnoticias\/?post_type=sec-noticias&#038;p=167982"},"modified":"2026-08-31T08:40:46","modified_gmt":"2026-08-31T12:40:46","slug":"primt-itinerante-encerra-triagem-nesta-segunda-feira-no-canguru","status":"publish","type":"sec-noticias","link":"https:\/\/www.campogrande.ms.gov.br\/cgnoticias\/noticia\/primt-itinerante-encerra-triagem-nesta-segunda-feira-no-canguru\/","title":{"rendered":"Primt Itinerante encerra triagem nesta segunda-feira no Canguru"},"content":{"rendered":"\n<p>O Primt (Programa de Inclus\u00e3o ao Mercado de Trabalho) encerra nesta segunda-feira (31) a segunda edi\u00e7\u00e3o do Primt Itinerante, com atendimento no CRAS Canguru, das 7h \u00e0s 13h. Ser\u00e3o disponibilizadas 80 senhas para candidatos interessados em participar do Cadastro Reserva do programa.<\/p>\n\n\n\n<p>A a\u00e7\u00e3o itinerante busca aproximar o processo de inscri\u00e7\u00e3o dos moradores de diferentes regi\u00f5es da Capital. Entre os candidatos que participaram da etapa nas Moreninhas estava Nayara Vitoria Liandro Parra, 23 anos, que chegou ao local com anteced\u00eancia e aguardou pela abertura do port\u00e3o para concorrer a uma das 80 senhas.<\/p>\n\n\n\n<p>\u201c\u00c9 um esfor\u00e7o que ir\u00e1 valer a pena, depois de entrar. No Primt haver\u00e1 boas possibilidades, o que explica a tamanha concorr\u00eancia\u201d, comentou a candidata.<\/p>\n\n\n\n<p>Para participar do Cadastro Reserva, o candidato deve apresentar toda a documenta\u00e7\u00e3o obrigat\u00f3ria: RG, CTPS f\u00edsica ou digital, CPF, comprovante de resid\u00eancia, certid\u00e3o de nascimento ou casamento, documentos dos filhos, dependentes e agregados, comprovante ou declara\u00e7\u00e3o de escolaridade, certificado militar, quando couber, e Cad\u00danico atualizado.<\/p>\n\n\n\n<h5 class=\"wp-block-heading\"><strong>\u00daltima etapa<\/strong><\/h5>\n\n\n\n<p>Nesta segunda-feira (31), o atendimento ser\u00e1 realizado no CRAS Canguru, das 7h \u00e0s 13h. Ser\u00e3o distribu\u00eddas 80 senhas para a triagem.<\/p>\n\n\n\n<p>A procura pelo programa tem reunido candidatos de diferentes regi\u00f5es de Campo Grande, incluindo pessoas que buscam a primeira oportunidade e benefici\u00e1rios que pretendem retornar ao mercado de trabalho ap\u00f3s participa\u00e7\u00e3o anterior.<\/p>\n\n\n\n<h5 class=\"wp-block-heading\"><strong>Servi\u00e7o<\/strong><\/h5>\n\n\n\n<p><strong>Segunda-feira (31\/08)<br>CRAS Canguru<br>Rua dos Top\u00f3grafos, 1.175 \u2013 Jardim Canguru<br>7h \u00e0s 13h<\/strong><\/p>\n\n\n\n<p>As novidades sobre o Primt, incluindo futuros editais do Cadastro Reserva e convoca\u00e7\u00f5es publicadas no Diogrande, podem ser acompanhadas pelos canais oficiais da Funsat.<\/p>\n\n\n\n<p><\/p>\n","protected":false},"author":310,"featured_media":167983,"template":"","meta":{"custom_icon_class":"","footnotes":""},"categories":[50],"tags":[],"class_list":["post-167982","sec-noticias","type-sec-noticias","status-publish","has-post-thumbnail","hentry","category-capacitacao"],"acf":[],"_links":{"self":[{"href":"https:\/\/www.campogrande.ms.gov.br\/cgnoticias\/wp-json\/wp\/v2\/sec-noticias\/167982"}],"collection":[{"href":"https:\/\/www.campogrande.ms.gov.br\/cgnoticias\/wp-json\/wp\/v2\/sec-noticias"}],"about":[{"href":"https:\/\/www.campogrande.ms.gov.br\/cgnoticias\/wp-json\/wp\/v2\/types\/sec-noticias"}],"author":[{"embeddable":true,"href":"https:\/\/www.campogrande.ms.gov.br\/cgnoticias\/wp-json\/wp\/v2\/users\/310"}],"version-history":[{"count":2,"href":"https:\/\/www.campogrande.ms.gov.br\/cgnoticias\/wp-json\/wp\/v2\/sec-noticias\/167982\/revisions"}],"predecessor-version":[{"id":167985,"href":"https:\/\/www.campogrande.ms.gov.br\/cgnoticias\/wp-json\/wp\/v2\/sec-noticias\/167982\/revisions\/167985"}],"wp:featuredmedia":[{"embeddable":true,"href":"https:\/\/www.campogrande.ms.gov.br\/cgnoticias\/wp-json\/wp\/v2\/media\/167983"}],"wp:attachment":[{"href":"https:\/\/www.campogrande.ms.gov.br\/cgnoticias\/wp-json\/wp\/v2\/media?parent=167982"}],"wp:term":[{"taxonomy":"category","embeddable":true,"href":"https:\/\/www.campogrande.ms.gov.br\/cgnoticias\/wp-json\/wp\/v2\/categories?post=167982"},{"taxonomy":"post_tag","embeddable":true,"href":"https:\/\/www.campogrande.ms.gov.br\/cgnoticias\/wp-json\/wp\/v2\/tags?post=167982"}],"curies":[{"name":"wp","href":"https:\/\/api.w.org\/{rel}","templated":true}]}}