{"id":167976,"date":"2026-08-30T17:59:05","date_gmt":"2026-08-30T21:59:05","guid":{"rendered":"https:\/\/www.campogrande.ms.gov.br\/cgnoticias\/?post_type=sec-noticias&#038;p=167976"},"modified":"2026-08-30T17:59:06","modified_gmt":"2026-08-30T21:59:06","slug":"fiscalizacao-paralisa-evento-sem-licenca-ambiental","status":"publish","type":"sec-noticias","link":"https:\/\/www.campogrande.ms.gov.br\/cgnoticias\/noticia\/fiscalizacao-paralisa-evento-sem-licenca-ambiental\/","title":{"rendered":"Fiscaliza\u00e7\u00e3o paralisa evento sem licen\u00e7a ambiental"},"content":{"rendered":"\n<p>Uma a\u00e7\u00e3o integrada de fiscaliza\u00e7\u00e3o foi realizada neste s\u00e1bado (29), na regi\u00e3o central de Campo Grande, para verificar a regularidade de um evento programado para a Rua Dr. Tem\u00edstocles, entre a Rua 14 de Julho e a Avenida Cal\u00f3geras. A atua\u00e7\u00e3o foi motivada por den\u00fancias registradas pelo canal 156 e contou com equipes da Prefeitura, por meio da Planurb, Semades e Guarda Civil Metropolitana (GCM), al\u00e9m do apoio da Pol\u00edcia Militar e da concession\u00e1ria Energisa.<\/p>\n\n\n\n<p>Antes do hor\u00e1rio previsto para o in\u00edcio da programa\u00e7\u00e3o, os fiscais constataram que a estrutura estava sendo instalada sem a devida autoriza\u00e7\u00e3o ambiental, exigida pela legisla\u00e7\u00e3o municipal. Diante da irregularidade, a Semades notificou os respons\u00e1veis e determinou a paralisa\u00e7\u00e3o da atividade. Conforme a Planurb, a notifica\u00e7\u00e3o ocorreu exclusivamente pela aus\u00eancia da autoriza\u00e7\u00e3o ambiental e n\u00e3o corresponde \u00e0 aplica\u00e7\u00e3o de multa.<\/p>\n\n\n\n<p>A organiza\u00e7\u00e3o informou que possu\u00eda autoriza\u00e7\u00e3o da Agetran para a interdi\u00e7\u00e3o da via no per\u00edodo previsto. Durante a fiscaliza\u00e7\u00e3o, tamb\u00e9m foi identificada uma liga\u00e7\u00e3o provis\u00f3ria de energia conectada diretamente \u00e0 rede p\u00fablica. Acionada, a Energisa constatou que n\u00e3o havia solicita\u00e7\u00e3o ou autoriza\u00e7\u00e3o para a liga\u00e7\u00e3o e interrompeu o fornecimento irregular.<\/p>\n\n\n\n<p>A fiscaliza\u00e7\u00e3o acompanhou o desmonte do palco, equipamentos de som, painel de LED e demais estruturas utilizadas na programa\u00e7\u00e3o. A a\u00e7\u00e3o foi encerrada sem registro de incidentes, ap\u00f3s a paralisa\u00e7\u00e3o da atividade e a retirada dos equipamentos.<\/p>\n\n\n\n<p>A programa\u00e7\u00e3o correspondia ao 4\u00ba Sarau Delas \u2013 Pr\u00eamio M\u00e1rcia Zen 2026, realizado em alus\u00e3o ao Dia Nacional da Visibilidade L\u00e9sbica. A Prefeitura n\u00e3o era respons\u00e1vel pela organiza\u00e7\u00e3o do evento.<\/p>\n","protected":false},"author":310,"featured_media":166059,"template":"","meta":{"custom_icon_class":"","footnotes":""},"categories":[51],"tags":[],"class_list":["post-167976","sec-noticias","type-sec-noticias","status-publish","has-post-thumbnail","hentry","category-seguranca"],"acf":[],"_links":{"self":[{"href":"https:\/\/www.campogrande.ms.gov.br\/cgnoticias\/wp-json\/wp\/v2\/sec-noticias\/167976"}],"collection":[{"href":"https:\/\/www.campogrande.ms.gov.br\/cgnoticias\/wp-json\/wp\/v2\/sec-noticias"}],"about":[{"href":"https:\/\/www.campogrande.ms.gov.br\/cgnoticias\/wp-json\/wp\/v2\/types\/sec-noticias"}],"author":[{"embeddable":true,"href":"https:\/\/www.campogrande.ms.gov.br\/cgnoticias\/wp-json\/wp\/v2\/users\/310"}],"version-history":[{"count":2,"href":"https:\/\/www.campogrande.ms.gov.br\/cgnoticias\/wp-json\/wp\/v2\/sec-noticias\/167976\/revisions"}],"predecessor-version":[{"id":167978,"href":"https:\/\/www.campogrande.ms.gov.br\/cgnoticias\/wp-json\/wp\/v2\/sec-noticias\/167976\/revisions\/167978"}],"wp:featuredmedia":[{"embeddable":true,"href":"https:\/\/www.campogrande.ms.gov.br\/cgnoticias\/wp-json\/wp\/v2\/media\/166059"}],"wp:attachment":[{"href":"https:\/\/www.campogrande.ms.gov.br\/cgnoticias\/wp-json\/wp\/v2\/media?parent=167976"}],"wp:term":[{"taxonomy":"category","embeddable":true,"href":"https:\/\/www.campogrande.ms.gov.br\/cgnoticias\/wp-json\/wp\/v2\/categories?post=167976"},{"taxonomy":"post_tag","embeddable":true,"href":"https:\/\/www.campogrande.ms.gov.br\/cgnoticias\/wp-json\/wp\/v2\/tags?post=167976"}],"curies":[{"name":"wp","href":"https:\/\/api.w.org\/{rel}","templated":true}]}}