{"id":165741,"date":"2026-07-21T15:13:00","date_gmt":"2026-07-21T19:13:00","guid":{"rendered":"https:\/\/www.campogrande.ms.gov.br\/cgnoticias\/?post_type=sec-noticias&#038;p=165741"},"modified":"2026-07-21T15:10:14","modified_gmt":"2026-07-21T19:10:14","slug":"escola-funsat-abre-inscricoes-para-cursos-gratuitos-de-agosto","status":"publish","type":"sec-noticias","link":"https:\/\/www.campogrande.ms.gov.br\/cgnoticias\/noticia\/escola-funsat-abre-inscricoes-para-cursos-gratuitos-de-agosto\/","title":{"rendered":"Escola Funsat abre inscri\u00e7\u00f5es para cursos gratuitos de agosto"},"content":{"rendered":"\n<p>A Escola Funsat abriu as inscri\u00e7\u00f5es para uma nova grade de cursos profissionalizantes gratuitos que ser\u00e3o oferecidos durante o m\u00eas de agosto. Ao todo, ser\u00e3o seis turmas, com aulas na sede da Funda\u00e7\u00e3o Social do Trabalho (Funsat), na Vila Gl\u00f3ria, e no Polo Moreninhas.<\/p>\n\n\n\n<p>As vagas s\u00e3o limitadas e as inscri\u00e7\u00f5es exigem que o candidato atenda aos pr\u00e9-requisitos de escolaridade de cada modalidade. Os cursos t\u00eam carga hor\u00e1ria de 40 ou 80 horas.<\/p>\n\n\n\n<p><strong>Cursos na sede da Vila Gl\u00f3ria<\/strong><\/p>\n\n\n\n<p>Auxiliar Administrativo<br>Data: 03\/08 a 31\/08<br>Hor\u00e1rio: 7h \u00e0s 11h<br>Carga hor\u00e1ria: 80h<br>Escolaridade: Ensino Fundamental completo<\/p>\n\n\n\n<p>Inform\u00e1tica B\u00e1sica<br>Data: 03\/08 a 14\/08<br>Hor\u00e1rio: 7h \u00e0s 11h<br>Carga hor\u00e1ria: 40h<br>Escolaridade: Alfabetiza\u00e7\u00e3o<\/p>\n\n\n\n<p>IA voltada ao Marketing e Vendas <em>(Parceria SENAI \u2013 Programa Plantando o Futuro)<\/em><em><br><\/em> Data: 12\/08 a 21\/08<br>Hor\u00e1rio: 7h30 \u00e0s 11h30<br>Carga hor\u00e1ria: 40h<br>Escolaridade: Ensino M\u00e9dio completo<\/p>\n\n\n\n<p>Excel B\u00e1sico<br>Data: 17\/08 a 31\/08<br>Hor\u00e1rio: 7h \u00e0s 11h<br>Carga hor\u00e1ria: 40h<br>Escolaridade: Ser alfabetizado(a) e ter conclu\u00eddo o curso de Inform\u00e1tica B\u00e1sica<\/p>\n\n\n\n<p><strong>Cursos no Polo Moreninhas<\/strong><\/p>\n\n\n\n<p>Marido de Aluguel \u2013 Reparos El\u00e9tricos e Hidr\u00e1ulicos <em>(Parceria SENAI \u2013 Programa Plantando o Futuro)<\/em><em><br><\/em> Data: 03\/08 a 14\/08<br>Hor\u00e1rio: 18h \u00e0s 22h<br>Carga hor\u00e1ria: 40h<br>Escolaridade: Alfabetiza\u00e7\u00e3o<\/p>\n\n\n\n<p>Marketing Digital<br>Data: 10\/08 a 21\/08<br>Hor\u00e1rio: 7h30 \u00e0s 11h30<br>Carga hor\u00e1ria: 40h<br>Escolaridade: Ensino Fundamental completo<\/p>\n\n\n\n<p>Mais informa\u00e7\u00f5es podem ser obtidas pelo WhatsApp da Escola Funsat, no n\u00famero (67) 3314-3089. As aulas acontecem na Rua 14 de Julho, 992, na Vila Gl\u00f3ria, e tamb\u00e9m no Polo Moreninhas, na Rua Anac\u00e1, 699.<\/p>\n\n\n\n<p><em>#ParaTodosVerem: A imagem de capa mostra participantes acompanham aula de capacita\u00e7\u00e3o em sala da Escola Funsat, sentados em cadeiras organizadas em fileiras durante atividade de qualifica\u00e7\u00e3o profissional.<\/em><\/p>\n","protected":false},"author":310,"featured_media":106955,"template":"","meta":{"custom_icon_class":"","footnotes":""},"categories":[50],"tags":[],"class_list":["post-165741","sec-noticias","type-sec-noticias","status-publish","has-post-thumbnail","hentry","category-capacitacao"],"acf":[],"_links":{"self":[{"href":"https:\/\/www.campogrande.ms.gov.br\/cgnoticias\/wp-json\/wp\/v2\/sec-noticias\/165741"}],"collection":[{"href":"https:\/\/www.campogrande.ms.gov.br\/cgnoticias\/wp-json\/wp\/v2\/sec-noticias"}],"about":[{"href":"https:\/\/www.campogrande.ms.gov.br\/cgnoticias\/wp-json\/wp\/v2\/types\/sec-noticias"}],"author":[{"embeddable":true,"href":"https:\/\/www.campogrande.ms.gov.br\/cgnoticias\/wp-json\/wp\/v2\/users\/310"}],"version-history":[{"count":2,"href":"https:\/\/www.campogrande.ms.gov.br\/cgnoticias\/wp-json\/wp\/v2\/sec-noticias\/165741\/revisions"}],"predecessor-version":[{"id":165743,"href":"https:\/\/www.campogrande.ms.gov.br\/cgnoticias\/wp-json\/wp\/v2\/sec-noticias\/165741\/revisions\/165743"}],"wp:featuredmedia":[{"embeddable":true,"href":"https:\/\/www.campogrande.ms.gov.br\/cgnoticias\/wp-json\/wp\/v2\/media\/106955"}],"wp:attachment":[{"href":"https:\/\/www.campogrande.ms.gov.br\/cgnoticias\/wp-json\/wp\/v2\/media?parent=165741"}],"wp:term":[{"taxonomy":"category","embeddable":true,"href":"https:\/\/www.campogrande.ms.gov.br\/cgnoticias\/wp-json\/wp\/v2\/categories?post=165741"},{"taxonomy":"post_tag","embeddable":true,"href":"https:\/\/www.campogrande.ms.gov.br\/cgnoticias\/wp-json\/wp\/v2\/tags?post=165741"}],"curies":[{"name":"wp","href":"https:\/\/api.w.org\/{rel}","templated":true}]}}