{"id":165736,"date":"2026-07-21T13:19:26","date_gmt":"2026-07-21T17:19:26","guid":{"rendered":"https:\/\/www.campogrande.ms.gov.br\/cgnoticias\/?post_type=sec-noticias&#038;p=165736"},"modified":"2026-07-21T13:19:28","modified_gmt":"2026-07-21T17:19:28","slug":"aviso-de-pauta-prefcg-realiza-coletiva-sobre-intervencao-no-transporte-publico","status":"publish","type":"sec-noticias","link":"https:\/\/www.campogrande.ms.gov.br\/cgnoticias\/noticia\/aviso-de-pauta-prefcg-realiza-coletiva-sobre-intervencao-no-transporte-publico\/","title":{"rendered":"AVISO DE PAUTA: PrefCG realiza coletiva sobre interven\u00e7\u00e3o no transporte p\u00fablico"},"content":{"rendered":"\n<p><strong>AVISO DE PAUTA<\/strong><\/p>\n\n\n\n<p>A prefeita Adriane Lopes concede, na tarde desta ter\u00e7a-feira (21), \u00e0s 13h30, uma coletiva de imprensa para falar sobre a interven\u00e7\u00e3o no transporte p\u00fablico de Campo Grande.<\/p>\n\n\n\n<p>A coletiva ser\u00e1 realizada no Gabinete da Prefeita e abordar\u00e1 as medidas relacionadas \u00e0 interven\u00e7\u00e3o no sistema de transporte coletivo da Capital.<\/p>\n\n\n\n<p><strong>SERVI\u00c7O<\/strong><\/p>\n\n\n\n<p><strong>Pauta:<\/strong> Coletiva de imprensa sobre interven\u00e7\u00e3o no transporte p\u00fablico<br><strong>Data:<\/strong> 21 de julho de 2026<br><strong>Hor\u00e1rio:<\/strong> 13h30<br><strong>Local:<\/strong> Gabinete da Prefeita<\/p>\n\n\n\n<p><\/p>\n","protected":false},"author":310,"featured_media":163163,"template":"","meta":{"custom_icon_class":"","footnotes":""},"categories":[44],"tags":[],"class_list":["post-165736","sec-noticias","type-sec-noticias","status-publish","has-post-thumbnail","hentry","category-atencao"],"acf":[],"_links":{"self":[{"href":"https:\/\/www.campogrande.ms.gov.br\/cgnoticias\/wp-json\/wp\/v2\/sec-noticias\/165736"}],"collection":[{"href":"https:\/\/www.campogrande.ms.gov.br\/cgnoticias\/wp-json\/wp\/v2\/sec-noticias"}],"about":[{"href":"https:\/\/www.campogrande.ms.gov.br\/cgnoticias\/wp-json\/wp\/v2\/types\/sec-noticias"}],"author":[{"embeddable":true,"href":"https:\/\/www.campogrande.ms.gov.br\/cgnoticias\/wp-json\/wp\/v2\/users\/310"}],"version-history":[{"count":2,"href":"https:\/\/www.campogrande.ms.gov.br\/cgnoticias\/wp-json\/wp\/v2\/sec-noticias\/165736\/revisions"}],"predecessor-version":[{"id":165738,"href":"https:\/\/www.campogrande.ms.gov.br\/cgnoticias\/wp-json\/wp\/v2\/sec-noticias\/165736\/revisions\/165738"}],"wp:featuredmedia":[{"embeddable":true,"href":"https:\/\/www.campogrande.ms.gov.br\/cgnoticias\/wp-json\/wp\/v2\/media\/163163"}],"wp:attachment":[{"href":"https:\/\/www.campogrande.ms.gov.br\/cgnoticias\/wp-json\/wp\/v2\/media?parent=165736"}],"wp:term":[{"taxonomy":"category","embeddable":true,"href":"https:\/\/www.campogrande.ms.gov.br\/cgnoticias\/wp-json\/wp\/v2\/categories?post=165736"},{"taxonomy":"post_tag","embeddable":true,"href":"https:\/\/www.campogrande.ms.gov.br\/cgnoticias\/wp-json\/wp\/v2\/tags?post=165736"}],"curies":[{"name":"wp","href":"https:\/\/api.w.org\/{rel}","templated":true}]}}