{"id":165706,"date":"2026-07-21T10:40:45","date_gmt":"2026-07-21T14:40:45","guid":{"rendered":"https:\/\/www.campogrande.ms.gov.br\/cgnoticias\/?post_type=sec-noticias&#038;p=165706"},"modified":"2026-07-21T10:53:09","modified_gmt":"2026-07-21T14:53:09","slug":"agetran-interdita-trecho-da-calogeras-para-carreta-da-saude","status":"publish","type":"sec-noticias","link":"https:\/\/www.campogrande.ms.gov.br\/cgnoticias\/noticia\/agetran-interdita-trecho-da-calogeras-para-carreta-da-saude\/","title":{"rendered":"Agetran interdita trecho da Cal\u00f3geras para Carreta da Sa\u00fade"},"content":{"rendered":"\n<p>A Ag\u00eancia Municipal de Transporte e Tr\u00e2nsito (Agetran) informa que um trecho da Avenida Cal\u00f3geras foi interditado a partir das 10h desta ter\u00e7a-feira (21), para a instala\u00e7\u00e3o e atendimento da Carreta do Minist\u00e9rio da Sa\u00fade.<\/p>\n\n\n\n<p>A interdi\u00e7\u00e3o ocorrer\u00e1 na Avenida Cal\u00f3geras, entre a Rua Tem\u00edstocles e a Avenida Mato Grosso, e permanecer\u00e1 at\u00e9 o dia <strong>24 de agosto de 2026<\/strong>.<\/p>\n\n\n\n<p>Durante o per\u00edodo, motoristas que trafegam pela regi\u00e3o devem redobrar a aten\u00e7\u00e3o \u00e0 sinaliza\u00e7\u00e3o provis\u00f3ria e utilizar rotas alternativas para evitar transtornos.<\/p>\n\n\n\n<p>A Agetran orienta os condutores a planejarem seus deslocamentos com anteced\u00eancia e refor\u00e7a que a sinaliza\u00e7\u00e3o no local ser\u00e1 implantada para garantir a seguran\u00e7a de motoristas, pedestres e das equipes que atuar\u00e3o durante o atendimento da unidade m\u00f3vel.<\/p>\n","protected":false},"author":310,"featured_media":165707,"template":"","meta":{"custom_icon_class":"","footnotes":""},"categories":[39],"tags":[],"class_list":["post-165706","sec-noticias","type-sec-noticias","status-publish","has-post-thumbnail","hentry","category-transito"],"acf":[],"_links":{"self":[{"href":"https:\/\/www.campogrande.ms.gov.br\/cgnoticias\/wp-json\/wp\/v2\/sec-noticias\/165706"}],"collection":[{"href":"https:\/\/www.campogrande.ms.gov.br\/cgnoticias\/wp-json\/wp\/v2\/sec-noticias"}],"about":[{"href":"https:\/\/www.campogrande.ms.gov.br\/cgnoticias\/wp-json\/wp\/v2\/types\/sec-noticias"}],"author":[{"embeddable":true,"href":"https:\/\/www.campogrande.ms.gov.br\/cgnoticias\/wp-json\/wp\/v2\/users\/310"}],"version-history":[{"count":4,"href":"https:\/\/www.campogrande.ms.gov.br\/cgnoticias\/wp-json\/wp\/v2\/sec-noticias\/165706\/revisions"}],"predecessor-version":[{"id":165711,"href":"https:\/\/www.campogrande.ms.gov.br\/cgnoticias\/wp-json\/wp\/v2\/sec-noticias\/165706\/revisions\/165711"}],"wp:featuredmedia":[{"embeddable":true,"href":"https:\/\/www.campogrande.ms.gov.br\/cgnoticias\/wp-json\/wp\/v2\/media\/165707"}],"wp:attachment":[{"href":"https:\/\/www.campogrande.ms.gov.br\/cgnoticias\/wp-json\/wp\/v2\/media?parent=165706"}],"wp:term":[{"taxonomy":"category","embeddable":true,"href":"https:\/\/www.campogrande.ms.gov.br\/cgnoticias\/wp-json\/wp\/v2\/categories?post=165706"},{"taxonomy":"post_tag","embeddable":true,"href":"https:\/\/www.campogrande.ms.gov.br\/cgnoticias\/wp-json\/wp\/v2\/tags?post=165706"}],"curies":[{"name":"wp","href":"https:\/\/api.w.org\/{rel}","templated":true}]}}