{"id":165674,"date":"2026-07-20T15:15:14","date_gmt":"2026-07-20T19:15:14","guid":{"rendered":"https:\/\/www.campogrande.ms.gov.br\/cgnoticias\/?post_type=sec-noticias&#038;p=165674"},"modified":"2026-07-20T16:01:12","modified_gmt":"2026-07-20T20:01:12","slug":"semu-abre-inscricoes-para-curso-de-manicure-e-pedicure","status":"publish","type":"sec-noticias","link":"https:\/\/www.campogrande.ms.gov.br\/cgnoticias\/noticia\/semu-abre-inscricoes-para-curso-de-manicure-e-pedicure\/","title":{"rendered":"Curso de manicure e pedicure est\u00e1 com inscri\u00e7\u00f5es abertas"},"content":{"rendered":"\n<p>Est\u00e3o abertas as inscri\u00e7\u00f5es para o curso gratuito de Manicure e Pedicure, promovido pela Secretaria Executiva da Mulher (Semu), em Campo Grande. A capacita\u00e7\u00e3o ser\u00e1 realizada entre os dias 27 e 30 de julho e \u00e9 voltada para pessoas que desejam ingressar ou se aperfei\u00e7oar na \u00e1rea da beleza, ampliando as oportunidades de gera\u00e7\u00e3o de renda e inser\u00e7\u00e3o no mercado de trabalho.<\/p>\n\n\n\n<p>Durante as aulas, os participantes ter\u00e3o acesso a conte\u00fados te\u00f3ricos e pr\u00e1ticos sobre t\u00e9cnicas de manicure e pedicure, cuidados com as unhas, higiene, biosseguran\u00e7a e atendimento ao cliente. O objetivo \u00e9 desenvolver habilidades essenciais para o exerc\u00edcio da profiss\u00e3o e preparar os alunos para atuar com seguran\u00e7a e qualidade.<\/p>\n\n\n\n<p>A forma\u00e7\u00e3o tamb\u00e9m oferece suporte para quem pretende trabalhar em sal\u00f5es de beleza, cl\u00ednicas de est\u00e9tica ou como profissional aut\u00f4nomo, em um mercado que mant\u00e9m demanda constante por m\u00e3o de obra qualificada. Ao final da capacita\u00e7\u00e3o, os participantes receber\u00e3o certificado de conclus\u00e3o.<\/p>\n\n\n\n<p>A Semu promove regularmente cursos de qualifica\u00e7\u00e3o profissional como forma de incentivar a autonomia financeira, ampliar as oportunidades de emprego e fortalecer o empreendedorismo, contribuindo para o desenvolvimento pessoal e econ\u00f4mico da popula\u00e7\u00e3o.<\/p>\n\n\n\n<p><strong>Servi\u00e7o<\/strong><\/p>\n\n\n\n<p><strong>Curso:<\/strong> Manicure e Pedicure<br><strong>Data:<\/strong> 27 a 30 de julho<br><strong>Hor\u00e1rio:<\/strong> das 13h30 \u00e0s 17h<br><strong>Local:<\/strong> Amade \u2013 Avenida Joana D&#8217;Arc, n\u00ba 3.765, Bairro Pioneira<br><strong>Inscri\u00e7\u00f5es:<\/strong> WhatsApp (67) 98131-7879<\/p>\n","protected":false},"author":310,"featured_media":165675,"template":"","meta":{"custom_icon_class":"","footnotes":""},"categories":[50],"tags":[],"class_list":["post-165674","sec-noticias","type-sec-noticias","status-publish","has-post-thumbnail","hentry","category-capacitacao"],"acf":[],"_links":{"self":[{"href":"https:\/\/www.campogrande.ms.gov.br\/cgnoticias\/wp-json\/wp\/v2\/sec-noticias\/165674"}],"collection":[{"href":"https:\/\/www.campogrande.ms.gov.br\/cgnoticias\/wp-json\/wp\/v2\/sec-noticias"}],"about":[{"href":"https:\/\/www.campogrande.ms.gov.br\/cgnoticias\/wp-json\/wp\/v2\/types\/sec-noticias"}],"author":[{"embeddable":true,"href":"https:\/\/www.campogrande.ms.gov.br\/cgnoticias\/wp-json\/wp\/v2\/users\/310"}],"version-history":[{"count":5,"href":"https:\/\/www.campogrande.ms.gov.br\/cgnoticias\/wp-json\/wp\/v2\/sec-noticias\/165674\/revisions"}],"predecessor-version":[{"id":165684,"href":"https:\/\/www.campogrande.ms.gov.br\/cgnoticias\/wp-json\/wp\/v2\/sec-noticias\/165674\/revisions\/165684"}],"wp:featuredmedia":[{"embeddable":true,"href":"https:\/\/www.campogrande.ms.gov.br\/cgnoticias\/wp-json\/wp\/v2\/media\/165675"}],"wp:attachment":[{"href":"https:\/\/www.campogrande.ms.gov.br\/cgnoticias\/wp-json\/wp\/v2\/media?parent=165674"}],"wp:term":[{"taxonomy":"category","embeddable":true,"href":"https:\/\/www.campogrande.ms.gov.br\/cgnoticias\/wp-json\/wp\/v2\/categories?post=165674"},{"taxonomy":"post_tag","embeddable":true,"href":"https:\/\/www.campogrande.ms.gov.br\/cgnoticias\/wp-json\/wp\/v2\/tags?post=165674"}],"curies":[{"name":"wp","href":"https:\/\/api.w.org\/{rel}","templated":true}]}}