{"id":165669,"date":"2026-07-20T12:41:00","date_gmt":"2026-07-20T16:41:00","guid":{"rendered":"https:\/\/www.campogrande.ms.gov.br\/cgnoticias\/?post_type=sec-noticias&#038;p=165669"},"modified":"2026-07-20T12:06:38","modified_gmt":"2026-07-20T16:06:38","slug":"semu-abre-inscricoes-para-curso-de-mestre-de-cerimonias","status":"publish","type":"sec-noticias","link":"https:\/\/www.campogrande.ms.gov.br\/cgnoticias\/noticia\/semu-abre-inscricoes-para-curso-de-mestre-de-cerimonias\/","title":{"rendered":"Semu\u00a0abre inscri\u00e7\u00f5es para curso de Mestre de Cerim\u00f4nias\u00a0"},"content":{"rendered":"\n<p>A Secretaria Executiva da Mulher (Semu) est\u00e1 com as inscri\u00e7\u00f5es abertas para o terceiro m\u00f3dulo do curso de Cerimonial de Eventos. A capacita\u00e7\u00e3o acontece de 27 a 30 de julho, na sede da secretaria e aborda os principais fundamentos do cerimonial e do protocolo, formando profissionais aptos a exercer a fun\u00e7\u00e3o de mestre de cerim\u00f4nias.&nbsp;<\/p>\n\n\n\n<p>Durante as aulas, os participantes aprender\u00e3o sobre planejamento e condu\u00e7\u00e3o de eventos, aplica\u00e7\u00e3o de normas de protocolo, t\u00e9cnicas de comunica\u00e7\u00e3o, postura profissional e organiza\u00e7\u00e3o de solenidades. O conte\u00fado foi elaborado para&nbsp;atender quem&nbsp;pretende ingressar na \u00e1rea&nbsp;e&nbsp;profissionais que desejam atualizar seus conhecimentos.&nbsp;<\/p>\n\n\n\n<p>A forma\u00e7\u00e3o representa uma oportunidade de ampliar as possibilidades de atua\u00e7\u00e3o no mercado de trabalho, especialmente nos segmentos de eventos, comunica\u00e7\u00e3o, assessoria e cerimonial. Ao concluir o curso, os participantes receber\u00e3o certificado, agregando valor ao curr\u00edculo e fortalecendo a qualifica\u00e7\u00e3o profissional.&nbsp;<\/p>\n\n\n\n<p><strong>Servi\u00e7o\u00a0<\/strong><\/p>\n\n\n\n<p>Curso: Cerimonial de Eventos \u2013 M\u00f3dulo III (Forma\u00e7\u00e3o para Mestre de Cerim\u00f4nias)&nbsp;<br>Data: 27 a 30 de julho&nbsp;<br>Local: Secretaria Executiva da Mulher (Semu) \u2013 Rua 15 de Novembro, n\u00ba 1.373&nbsp;<br>Inscri\u00e7\u00f5es: WhatsApp (67) 98131-7879&nbsp;<\/p>\n\n\n\n<p><em>#ParaTodosVerem: A imagem mostra uma sala de Aula da Semu com diversas mulheres no curso<\/em><\/p>\n\n\n\n<p><\/p>\n","protected":false},"author":310,"featured_media":165670,"template":"","meta":{"custom_icon_class":"","footnotes":""},"categories":[50],"tags":[],"class_list":["post-165669","sec-noticias","type-sec-noticias","status-publish","has-post-thumbnail","hentry","category-capacitacao"],"acf":[],"_links":{"self":[{"href":"https:\/\/www.campogrande.ms.gov.br\/cgnoticias\/wp-json\/wp\/v2\/sec-noticias\/165669"}],"collection":[{"href":"https:\/\/www.campogrande.ms.gov.br\/cgnoticias\/wp-json\/wp\/v2\/sec-noticias"}],"about":[{"href":"https:\/\/www.campogrande.ms.gov.br\/cgnoticias\/wp-json\/wp\/v2\/types\/sec-noticias"}],"author":[{"embeddable":true,"href":"https:\/\/www.campogrande.ms.gov.br\/cgnoticias\/wp-json\/wp\/v2\/users\/310"}],"version-history":[{"count":2,"href":"https:\/\/www.campogrande.ms.gov.br\/cgnoticias\/wp-json\/wp\/v2\/sec-noticias\/165669\/revisions"}],"predecessor-version":[{"id":165672,"href":"https:\/\/www.campogrande.ms.gov.br\/cgnoticias\/wp-json\/wp\/v2\/sec-noticias\/165669\/revisions\/165672"}],"wp:featuredmedia":[{"embeddable":true,"href":"https:\/\/www.campogrande.ms.gov.br\/cgnoticias\/wp-json\/wp\/v2\/media\/165670"}],"wp:attachment":[{"href":"https:\/\/www.campogrande.ms.gov.br\/cgnoticias\/wp-json\/wp\/v2\/media?parent=165669"}],"wp:term":[{"taxonomy":"category","embeddable":true,"href":"https:\/\/www.campogrande.ms.gov.br\/cgnoticias\/wp-json\/wp\/v2\/categories?post=165669"},{"taxonomy":"post_tag","embeddable":true,"href":"https:\/\/www.campogrande.ms.gov.br\/cgnoticias\/wp-json\/wp\/v2\/tags?post=165669"}],"curies":[{"name":"wp","href":"https:\/\/api.w.org\/{rel}","templated":true}]}}