{"id":165665,"date":"2026-07-20T13:28:00","date_gmt":"2026-07-20T17:28:00","guid":{"rendered":"https:\/\/www.campogrande.ms.gov.br\/cgnoticias\/?post_type=sec-noticias&#038;p=165665"},"modified":"2026-07-20T16:06:36","modified_gmt":"2026-07-20T20:06:36","slug":"emprega-cg-oferta-vagas-em-dois-bairros-nesta-semana","status":"publish","type":"sec-noticias","link":"https:\/\/www.campogrande.ms.gov.br\/cgnoticias\/noticia\/emprega-cg-oferta-vagas-em-dois-bairros-nesta-semana\/","title":{"rendered":"Emprega CG oferta vagas em dois bairros nesta semana"},"content":{"rendered":"\n<p>A ag\u00eancia itinerante da Funda\u00e7\u00e3o Social do Trabalho (Funsat) percorrer\u00e1, nesta semana, diferentes regi\u00f5es da cidade. A a\u00e7\u00e3o busca facilitar o acesso a vagas de emprego evitando, assim, o&nbsp;deslocamento at\u00e9 o centro&nbsp;da cidade para inscri\u00e7\u00e3o nas vagas.&nbsp;<\/p>\n\n\n\n<p>Nesta quarta-feira (22), o projeto Emprega CG desembarca no bairro&nbsp;Coophavila&nbsp;II. A a\u00e7\u00e3o ser\u00e1 realizada na associa\u00e7\u00e3o de moradores&nbsp;da regi\u00e3o, com atendimento programado das 8h \u00e0s 12h. A estrutura oferecer\u00e1 centenas de encaminhamentos distribu\u00eddos em doze \u00e1reas de atua\u00e7\u00e3o diferentes para profissionais de diversos n\u00edveis de experi\u00eancia.&nbsp;<\/p>\n\n\n\n<p>O recrutamento selecionar\u00e1 candidatos para os cargos de operador de telemarketing, repositor de mercadorias, operador de caixa, a\u00e7ougueiro e auxiliar de limpeza. A lista inclui ainda posi\u00e7\u00f5es para auxiliar de produ\u00e7\u00e3o e expedi\u00e7\u00e3o, inspetor de obras, balconista de farm\u00e1cia e orientador de estacionamento, com sal\u00e1rios que variam de um a dois&nbsp;sal\u00e1rios-m\u00ednimos.&nbsp;<\/p>\n\n\n\n<p>Na quinta-feira (23), o foco do atendimento direciona-se para a Feira da Empregabilidade na&nbsp;Uniderp. A mobiliza\u00e7\u00e3o ocorrer\u00e1 no Bloco 8 da institui\u00e7\u00e3o universit\u00e1ria, no bairro Miguel Couto. O hor\u00e1rio de funcionamento&nbsp;no local&nbsp;ser\u00e1 das 11h \u00e0s 14h, mantendo o processo de triagem e o encaminhamento direto para entrevistas com empresas parceiras.&nbsp;<\/p>\n\n\n\n<p>Al\u00e9m da consulta ao painel de vagas, os trabalhadores receber\u00e3o suporte t\u00e9cnico para a resolu\u00e7\u00e3o de demandas burocr\u00e1ticas. A equipe da funda\u00e7\u00e3o municipal prestar\u00e1 orienta\u00e7\u00e3o especializada para a habilita\u00e7\u00e3o do Seguro-Desemprego e auxiliar\u00e1 os cidad\u00e3os na instala\u00e7\u00e3o e uso da Carteira de Trabalho Digital (CTPS).&nbsp;<\/p>\n\n\n\n<p>A estrat\u00e9gia de levar os servi\u00e7os aos bairros otimiza o tempo e poupa os recursos financeiros de quem procura uma vaga formal. O atendimento \u00e9 totalmente gratuito. Para participar, o cidad\u00e3o precisa apenas retirar uma senha no local e aguardar o processo de atualiza\u00e7\u00e3o de cadastro, que antecede o direcionamento \u00e0s empresas contratantes.&nbsp;<\/p>\n\n\n\n<p><strong>SERVI\u00c7O<\/strong>&nbsp;<\/p>\n\n\n\n<p>Emprega CG &#8211;&nbsp;Coophavila&nbsp;II&nbsp;Data: Quarta-feira, 22 de julho Hor\u00e1rio: Das 8h \u00e0s 12h Local: AMOC II (Avenida Marinha, 725,&nbsp;Coophavila&nbsp;II)&nbsp;<\/p>\n\n\n\n<p>Feira de Empregabilidade&nbsp;Uniderp&nbsp;Data: Quinta-feira, 23 de julho Hor\u00e1rio: Das 11h \u00e0s 14h Local:&nbsp;Uniderp&nbsp;\u2013 Bloco 8 (Avenida Cear\u00e1, 333, Miguel Couto)&nbsp;<\/p>\n\n\n\n<p><em>#ParaTodosVerem: A iamgem mostra uma pessoa sendo atendida durante o Emprega CG<\/em><\/p>\n\n\n\n<p><\/p>\n","protected":false},"author":310,"featured_media":165666,"template":"","meta":{"custom_icon_class":"","footnotes":""},"categories":[56],"tags":[],"class_list":["post-165665","sec-noticias","type-sec-noticias","status-publish","has-post-thumbnail","hentry","category-emprego"],"acf":[],"_links":{"self":[{"href":"https:\/\/www.campogrande.ms.gov.br\/cgnoticias\/wp-json\/wp\/v2\/sec-noticias\/165665"}],"collection":[{"href":"https:\/\/www.campogrande.ms.gov.br\/cgnoticias\/wp-json\/wp\/v2\/sec-noticias"}],"about":[{"href":"https:\/\/www.campogrande.ms.gov.br\/cgnoticias\/wp-json\/wp\/v2\/types\/sec-noticias"}],"author":[{"embeddable":true,"href":"https:\/\/www.campogrande.ms.gov.br\/cgnoticias\/wp-json\/wp\/v2\/users\/310"}],"version-history":[{"count":3,"href":"https:\/\/www.campogrande.ms.gov.br\/cgnoticias\/wp-json\/wp\/v2\/sec-noticias\/165665\/revisions"}],"predecessor-version":[{"id":165685,"href":"https:\/\/www.campogrande.ms.gov.br\/cgnoticias\/wp-json\/wp\/v2\/sec-noticias\/165665\/revisions\/165685"}],"wp:featuredmedia":[{"embeddable":true,"href":"https:\/\/www.campogrande.ms.gov.br\/cgnoticias\/wp-json\/wp\/v2\/media\/165666"}],"wp:attachment":[{"href":"https:\/\/www.campogrande.ms.gov.br\/cgnoticias\/wp-json\/wp\/v2\/media?parent=165665"}],"wp:term":[{"taxonomy":"category","embeddable":true,"href":"https:\/\/www.campogrande.ms.gov.br\/cgnoticias\/wp-json\/wp\/v2\/categories?post=165665"},{"taxonomy":"post_tag","embeddable":true,"href":"https:\/\/www.campogrande.ms.gov.br\/cgnoticias\/wp-json\/wp\/v2\/tags?post=165665"}],"curies":[{"name":"wp","href":"https:\/\/api.w.org\/{rel}","templated":true}]}}