{"id":165650,"date":"2026-07-20T10:51:00","date_gmt":"2026-07-20T14:51:00","guid":{"rendered":"https:\/\/www.campogrande.ms.gov.br\/cgnoticias\/?post_type=sec-noticias&#038;p=165650"},"modified":"2026-07-20T10:47:21","modified_gmt":"2026-07-20T14:47:21","slug":"aprovados-em-processo-seletivo-sao-convocados-em-secretarias","status":"publish","type":"sec-noticias","link":"https:\/\/www.campogrande.ms.gov.br\/cgnoticias\/noticia\/aprovados-em-processo-seletivo-sao-convocados-em-secretarias\/","title":{"rendered":"Aprovados em processo seletivo s\u00e3o convocados\u00a0em\u00a0secretarias\u00a0"},"content":{"rendered":"\n<p>A Prefeitura de Campo Grande convocou hoje (20), atrav\u00e9s de publica\u00e7\u00e3o em&nbsp;Diogrande, 97 candidatos aprovados em processos seletivos simplificado&nbsp;para atuar em diversas secretarias.&nbsp;&nbsp;<\/p>\n\n\n\n<p>Foram chamados&nbsp;42 aprovados que dever\u00e3o se apresentar \u00e0 Secretaria Municipal de Sa\u00fade a partir das 9h de quinta-feira (23) para receber informa\u00e7\u00f5es. Est\u00e3o entre os selecionados: Assistentes sociais, fisioterapeutas, enfermeiros e t\u00e9cnicos de enfermagem, tanto para atuarem nas unidades de sa\u00fade quanto no Servi\u00e7o de Atendimento M\u00f3vel de Urg\u00eancia (Samu).&nbsp;A secretaria fica na rua Bahia, 280, bairro Jardim dos Estados.&nbsp;<\/p>\n\n\n\n<p>Para atuarem na Secretaria de Assist\u00eancia Social e&nbsp;Cidania&nbsp;(SAS), foram convocados 27 candidatos a cuidadores sociais e nove que se inscreveram como t\u00e9cnicos de atividades socioculturais,&nbsp;para a \u00e1rea de educa\u00e7\u00e3o f\u00edsica.&nbsp;Os aprovados tamb\u00e9m devem se apresentar na quinta-feira a partir das 9h, neste caso eles devem ir \u00e0 Rua Ven\u00e2ncio Borges do Nascimento,&nbsp;377, no Jardim TV Morena.&nbsp;<\/p>\n\n\n\n<p>Dever\u00e1 se apresentar \u00e0 Secretaria Municipal de Administra\u00e7\u00e3o e Inova\u00e7\u00e3o (Semadi) um candidato ao cargo de motorista, que buscar\u00e1 a&nbsp;Ger\u00eancia de Processo Seletivo Simplificado, na Av. Afonso Pena, 3.297, a partir das 9h desta ter\u00e7a-feira (21).&nbsp;<\/p>\n\n\n\n<p><em>#PraTodosVerem: A imagem mostra a fachada do Pa\u00e7o Municipal<\/em><\/p>\n\n\n\n<p><\/p>\n","protected":false},"author":310,"featured_media":164679,"template":"","meta":{"custom_icon_class":"","footnotes":""},"categories":[73],"tags":[],"class_list":["post-165650","sec-noticias","type-sec-noticias","status-publish","has-post-thumbnail","hentry","category-concurso"],"acf":[],"_links":{"self":[{"href":"https:\/\/www.campogrande.ms.gov.br\/cgnoticias\/wp-json\/wp\/v2\/sec-noticias\/165650"}],"collection":[{"href":"https:\/\/www.campogrande.ms.gov.br\/cgnoticias\/wp-json\/wp\/v2\/sec-noticias"}],"about":[{"href":"https:\/\/www.campogrande.ms.gov.br\/cgnoticias\/wp-json\/wp\/v2\/types\/sec-noticias"}],"author":[{"embeddable":true,"href":"https:\/\/www.campogrande.ms.gov.br\/cgnoticias\/wp-json\/wp\/v2\/users\/310"}],"version-history":[{"count":2,"href":"https:\/\/www.campogrande.ms.gov.br\/cgnoticias\/wp-json\/wp\/v2\/sec-noticias\/165650\/revisions"}],"predecessor-version":[{"id":165658,"href":"https:\/\/www.campogrande.ms.gov.br\/cgnoticias\/wp-json\/wp\/v2\/sec-noticias\/165650\/revisions\/165658"}],"wp:featuredmedia":[{"embeddable":true,"href":"https:\/\/www.campogrande.ms.gov.br\/cgnoticias\/wp-json\/wp\/v2\/media\/164679"}],"wp:attachment":[{"href":"https:\/\/www.campogrande.ms.gov.br\/cgnoticias\/wp-json\/wp\/v2\/media?parent=165650"}],"wp:term":[{"taxonomy":"category","embeddable":true,"href":"https:\/\/www.campogrande.ms.gov.br\/cgnoticias\/wp-json\/wp\/v2\/categories?post=165650"},{"taxonomy":"post_tag","embeddable":true,"href":"https:\/\/www.campogrande.ms.gov.br\/cgnoticias\/wp-json\/wp\/v2\/tags?post=165650"}],"curies":[{"name":"wp","href":"https:\/\/api.w.org\/{rel}","templated":true}]}}