{"id":165646,"date":"2026-07-20T10:18:00","date_gmt":"2026-07-20T14:18:00","guid":{"rendered":"https:\/\/www.campogrande.ms.gov.br\/cgnoticias\/?post_type=sec-noticias&#038;p=165646"},"modified":"2026-07-20T10:22:52","modified_gmt":"2026-07-20T14:22:52","slug":"sejuv-inicia-curso-gratuito-de-cilios-fio-a-fio","status":"publish","type":"sec-noticias","link":"https:\/\/www.campogrande.ms.gov.br\/cgnoticias\/noticia\/sejuv-inicia-curso-gratuito-de-cilios-fio-a-fio\/","title":{"rendered":"Sejuv inicia curso gratuito de c\u00edlios fio a fio\u00a0\u00a0"},"content":{"rendered":"\n<p>A Secretaria Executiva da Juventude (Sejuv) iniciou, nesta segunda-feira (20), o curso gratuito de C\u00edlios Fio a Fio, voltado \u00e0 capacita\u00e7\u00e3o de jovens interessados em ingressar no mercado da beleza e ampliar as oportunidades de gera\u00e7\u00e3o de renda. A forma\u00e7\u00e3o segue at\u00e9 sexta-feira (24), com aulas realizadas na sede da secretaria, localizada na Avenida Afonso Pena, n\u00ba 3.128.<\/p>\n\n\n\n<p>Durante a capacita\u00e7\u00e3o, os participantes ter\u00e3o acesso a conte\u00fados te\u00f3ricos e pr\u00e1ticos, incluindo t\u00e9cnicas de aplica\u00e7\u00e3o de c\u00edlios fio a fio, cuidados de biosseguran\u00e7a, atendimento ao cliente e orienta\u00e7\u00f5es para os primeiros passos na atua\u00e7\u00e3o profissional.<\/p>\n\n\n\n<p>Com carga hor\u00e1ria de 16 horas, o curso oferece certifica\u00e7\u00e3o aos participantes, contribuindo para o desenvolvimento de novas habilidades e fortalecendo as possibilidades de inser\u00e7\u00e3o no mercado de trabalho e empreendedorismo na \u00e1rea da beleza.<\/p>\n\n\n\n<p>A iniciativa integra as a\u00e7\u00f5es promovidas pela Sejuv para oferecer qualifica\u00e7\u00e3o profissional aos jovens de Campo Grande, incentivando a autonomia, o desenvolvimento de habilidades e a cria\u00e7\u00e3o de novas oportunidades.<\/p>\n\n\n\n<p><em>#ParaTodosVerem: Duas instrutoras conduzem uma capacita\u00e7\u00e3o em sala de aula para um grupo de participantes sentadas em carteiras.<\/em><\/p>\n\n\n\n<p><\/p>\n","protected":false},"author":310,"featured_media":165647,"template":"","meta":{"custom_icon_class":"","footnotes":""},"categories":[50],"tags":[],"class_list":["post-165646","sec-noticias","type-sec-noticias","status-publish","has-post-thumbnail","hentry","category-capacitacao"],"acf":[],"_links":{"self":[{"href":"https:\/\/www.campogrande.ms.gov.br\/cgnoticias\/wp-json\/wp\/v2\/sec-noticias\/165646"}],"collection":[{"href":"https:\/\/www.campogrande.ms.gov.br\/cgnoticias\/wp-json\/wp\/v2\/sec-noticias"}],"about":[{"href":"https:\/\/www.campogrande.ms.gov.br\/cgnoticias\/wp-json\/wp\/v2\/types\/sec-noticias"}],"author":[{"embeddable":true,"href":"https:\/\/www.campogrande.ms.gov.br\/cgnoticias\/wp-json\/wp\/v2\/users\/310"}],"version-history":[{"count":2,"href":"https:\/\/www.campogrande.ms.gov.br\/cgnoticias\/wp-json\/wp\/v2\/sec-noticias\/165646\/revisions"}],"predecessor-version":[{"id":165652,"href":"https:\/\/www.campogrande.ms.gov.br\/cgnoticias\/wp-json\/wp\/v2\/sec-noticias\/165646\/revisions\/165652"}],"wp:featuredmedia":[{"embeddable":true,"href":"https:\/\/www.campogrande.ms.gov.br\/cgnoticias\/wp-json\/wp\/v2\/media\/165647"}],"wp:attachment":[{"href":"https:\/\/www.campogrande.ms.gov.br\/cgnoticias\/wp-json\/wp\/v2\/media?parent=165646"}],"wp:term":[{"taxonomy":"category","embeddable":true,"href":"https:\/\/www.campogrande.ms.gov.br\/cgnoticias\/wp-json\/wp\/v2\/categories?post=165646"},{"taxonomy":"post_tag","embeddable":true,"href":"https:\/\/www.campogrande.ms.gov.br\/cgnoticias\/wp-json\/wp\/v2\/tags?post=165646"}],"curies":[{"name":"wp","href":"https:\/\/api.w.org\/{rel}","templated":true}]}}