{"id":165608,"date":"2026-07-19T14:00:00","date_gmt":"2026-07-19T18:00:00","guid":{"rendered":"https:\/\/www.campogrande.ms.gov.br\/cgnoticias\/?post_type=sec-noticias&#038;p=165608"},"modified":"2026-07-17T15:51:57","modified_gmt":"2026-07-17T19:51:57","slug":"casa-da-prefeita-recebe-revitalizacao-da-cerca-de-madeira","status":"publish","type":"sec-noticias","link":"https:\/\/www.campogrande.ms.gov.br\/cgnoticias\/noticia\/casa-da-prefeita-recebe-revitalizacao-da-cerca-de-madeira\/","title":{"rendered":"Casa da Prefeita recebe revitaliza\u00e7\u00e3o da cerca de madeira"},"content":{"rendered":"\n<p>A Casa do Engenheiro Carlos Miguel M\u00f4naco, conhecida como Casa da Prefeita, est\u00e1 recebendo a revitaliza\u00e7\u00e3o da cerca de madeira que contorna o im\u00f3vel, localizado no cruzamento das ruas Cal\u00f3geras e Mato Grosso. O servi\u00e7o inclui a substitui\u00e7\u00e3o de pe\u00e7as danificadas pelo tempo e faz parte das a\u00e7\u00f5es de manuten\u00e7\u00e3o e conserva\u00e7\u00e3o do patrim\u00f4nio hist\u00f3rico da Capital.<\/p>\n\n\n\n<p>A interven\u00e7\u00e3o preserva as caracter\u00edsticas originais do cercamento, que integra o conjunto arquitet\u00f4nico da resid\u00eancia, uma das constru\u00e7\u00f5es hist\u00f3ricas da regi\u00e3o central de Campo Grande. Al\u00e9m da recupera\u00e7\u00e3o da estrutura, o trabalho contribui para a conserva\u00e7\u00e3o do espa\u00e7o e da identidade visual do im\u00f3vel.<\/p>\n\n\n\n<p>A Casa da Prefeita faz parte da mem\u00f3ria ferrovi\u00e1ria e urbana do munic\u00edpio e atualmente recebe atividades administrativas e culturais. A manuten\u00e7\u00e3o do local integra as a\u00e7\u00f5es voltadas \u00e0 preserva\u00e7\u00e3o dos bens hist\u00f3ricos da Capital.<\/p>\n\n\n\n<p><em>#PraTodosVerem: A imagem de capa mostra um casar\u00e3o hist\u00f3rico com telhado de telhas e varanda, cercado por um port\u00e3o de madeira.<\/em><\/p>\n\n\n\n<p><\/p>\n","protected":false},"author":310,"featured_media":165609,"template":"","meta":{"custom_icon_class":"","footnotes":""},"categories":[83],"tags":[],"class_list":["post-165608","sec-noticias","type-sec-noticias","status-publish","has-post-thumbnail","hentry","category-manutencao"],"acf":[],"_links":{"self":[{"href":"https:\/\/www.campogrande.ms.gov.br\/cgnoticias\/wp-json\/wp\/v2\/sec-noticias\/165608"}],"collection":[{"href":"https:\/\/www.campogrande.ms.gov.br\/cgnoticias\/wp-json\/wp\/v2\/sec-noticias"}],"about":[{"href":"https:\/\/www.campogrande.ms.gov.br\/cgnoticias\/wp-json\/wp\/v2\/types\/sec-noticias"}],"author":[{"embeddable":true,"href":"https:\/\/www.campogrande.ms.gov.br\/cgnoticias\/wp-json\/wp\/v2\/users\/310"}],"version-history":[{"count":3,"href":"https:\/\/www.campogrande.ms.gov.br\/cgnoticias\/wp-json\/wp\/v2\/sec-noticias\/165608\/revisions"}],"predecessor-version":[{"id":165614,"href":"https:\/\/www.campogrande.ms.gov.br\/cgnoticias\/wp-json\/wp\/v2\/sec-noticias\/165608\/revisions\/165614"}],"wp:featuredmedia":[{"embeddable":true,"href":"https:\/\/www.campogrande.ms.gov.br\/cgnoticias\/wp-json\/wp\/v2\/media\/165609"}],"wp:attachment":[{"href":"https:\/\/www.campogrande.ms.gov.br\/cgnoticias\/wp-json\/wp\/v2\/media?parent=165608"}],"wp:term":[{"taxonomy":"category","embeddable":true,"href":"https:\/\/www.campogrande.ms.gov.br\/cgnoticias\/wp-json\/wp\/v2\/categories?post=165608"},{"taxonomy":"post_tag","embeddable":true,"href":"https:\/\/www.campogrande.ms.gov.br\/cgnoticias\/wp-json\/wp\/v2\/tags?post=165608"}],"curies":[{"name":"wp","href":"https:\/\/api.w.org\/{rel}","templated":true}]}}