{"id":165602,"date":"2026-07-20T08:02:00","date_gmt":"2026-07-20T12:02:00","guid":{"rendered":"https:\/\/www.campogrande.ms.gov.br\/cgnoticias\/?post_type=sec-noticias&#038;p=165602"},"modified":"2026-07-20T10:18:40","modified_gmt":"2026-07-20T14:18:40","slug":"praca-ary-coelho-recebe-novo-parquinho-infantil","status":"publish","type":"sec-noticias","link":"https:\/\/www.campogrande.ms.gov.br\/cgnoticias\/noticia\/praca-ary-coelho-recebe-novo-parquinho-infantil\/","title":{"rendered":"Pra\u00e7a Ary Coelho ganha novo parquinho infantil"},"content":{"rendered":"\n<p>A Prefeitura de Campo Grande est\u00e1 concluindo a instala\u00e7\u00e3o de um novo playground na Pra\u00e7a Ary Coelho, na regi\u00e3o central da Capital. O equipamento ser\u00e1 disponibilizado ao p\u00fablico ap\u00f3s a conclus\u00e3o da pintura prevista para a pr\u00f3xima semana.<\/p>\n\n\n\n<p>A instala\u00e7\u00e3o \u00e9 realizada pela Funda\u00e7\u00e3o Municipal de Cultura (Fundac) e pela Funda\u00e7\u00e3o Municipal de Esportes (Funesp) e contempla novos brinquedos para uso das crian\u00e7as que frequentam o espa\u00e7o. A estrutura integra as a\u00e7\u00f5es de manuten\u00e7\u00e3o e melhorias em \u00e1reas p\u00fablicas de conviv\u00eancia.<\/p>\n\n\n\n<p>Tradicional ponto de encontro de moradores e turistas, a Pra\u00e7a Ary Coelho recebe atividades culturais, esportivas e de lazer. Com o novo parquinho, o local passa a contar com mais uma op\u00e7\u00e3o de recrea\u00e7\u00e3o para o p\u00fablico infantil.<\/p>\n\n\n\n<p>A libera\u00e7\u00e3o do equipamento ocorrer\u00e1 ap\u00f3s a finaliza\u00e7\u00e3o dos servi\u00e7os complementares no espa\u00e7o.<\/p>\n\n\n\n<p><em>#ParaTodosVerem: A imagem de capa mostra o parquinho da Pra\u00e7a Ary Coelho em processo de revitaliza\u00e7\u00e3o. <\/em><\/p>\n\n\n\n<p><\/p>\n","protected":false},"author":310,"featured_media":165621,"template":"","meta":{"custom_icon_class":"","footnotes":""},"categories":[85],"tags":[],"class_list":["post-165602","sec-noticias","type-sec-noticias","status-publish","has-post-thumbnail","hentry","category-lazer"],"acf":[],"_links":{"self":[{"href":"https:\/\/www.campogrande.ms.gov.br\/cgnoticias\/wp-json\/wp\/v2\/sec-noticias\/165602"}],"collection":[{"href":"https:\/\/www.campogrande.ms.gov.br\/cgnoticias\/wp-json\/wp\/v2\/sec-noticias"}],"about":[{"href":"https:\/\/www.campogrande.ms.gov.br\/cgnoticias\/wp-json\/wp\/v2\/types\/sec-noticias"}],"author":[{"embeddable":true,"href":"https:\/\/www.campogrande.ms.gov.br\/cgnoticias\/wp-json\/wp\/v2\/users\/310"}],"version-history":[{"count":7,"href":"https:\/\/www.campogrande.ms.gov.br\/cgnoticias\/wp-json\/wp\/v2\/sec-noticias\/165602\/revisions"}],"predecessor-version":[{"id":165648,"href":"https:\/\/www.campogrande.ms.gov.br\/cgnoticias\/wp-json\/wp\/v2\/sec-noticias\/165602\/revisions\/165648"}],"wp:featuredmedia":[{"embeddable":true,"href":"https:\/\/www.campogrande.ms.gov.br\/cgnoticias\/wp-json\/wp\/v2\/media\/165621"}],"wp:attachment":[{"href":"https:\/\/www.campogrande.ms.gov.br\/cgnoticias\/wp-json\/wp\/v2\/media?parent=165602"}],"wp:term":[{"taxonomy":"category","embeddable":true,"href":"https:\/\/www.campogrande.ms.gov.br\/cgnoticias\/wp-json\/wp\/v2\/categories?post=165602"},{"taxonomy":"post_tag","embeddable":true,"href":"https:\/\/www.campogrande.ms.gov.br\/cgnoticias\/wp-json\/wp\/v2\/tags?post=165602"}],"curies":[{"name":"wp","href":"https:\/\/api.w.org\/{rel}","templated":true}]}}