{"id":165596,"date":"2026-07-18T13:30:00","date_gmt":"2026-07-18T17:30:00","guid":{"rendered":"https:\/\/www.campogrande.ms.gov.br\/cgnoticias\/?post_type=sec-noticias&#038;p=165596"},"modified":"2026-07-17T15:30:12","modified_gmt":"2026-07-17T19:30:12","slug":"obras-saude-e-educacao-sao-destaques-da-semana-na-capital","status":"publish","type":"sec-noticias","link":"https:\/\/www.campogrande.ms.gov.br\/cgnoticias\/noticia\/obras-saude-e-educacao-sao-destaques-da-semana-na-capital\/","title":{"rendered":"Obras, sa\u00fade e educa\u00e7\u00e3o s\u00e3o destaques da semana na Capital"},"content":{"rendered":"\n<p>A semana foi marcada por a\u00e7\u00f5es da Prefeitura de Campo Grande voltadas \u00e0 infraestrutura urbana, sa\u00fade, educa\u00e7\u00e3o e valoriza\u00e7\u00e3o do patrim\u00f4nio hist\u00f3rico. Entre os destaques est\u00e3o o in\u00edcio das obras de pavimenta\u00e7\u00e3o e drenagem no Jardim Oliveira, a redu\u00e7\u00e3o dos casos graves de V\u00edrus Sincicial Respirat\u00f3rio (VSR), o lan\u00e7amento do AprovaJuv, com cursinho preparat\u00f3rio gratuito para o Enem, e a reabertura da Morada dos Ba\u00eds para visita\u00e7\u00e3o p\u00fablica.<\/p>\n\n\n\n<p><strong>Jardim Oliveira recebe R$ 7,3 milh\u00f5es em obras de pavimenta\u00e7\u00e3o<\/strong><\/p>\n\n\n\n<p>A Prefeitura de Campo Grande iniciou as obras de pavimenta\u00e7\u00e3o asf\u00e1ltica e drenagem no Jardim Oliveira I e II, com investimento de R$ 7,3 milh\u00f5es. A interven\u00e7\u00e3o contempla 15 ruas da regi\u00e3o e integra o programa Vira CG Infraestrutura, ampliando a mobilidade urbana e solucionando problemas hist\u00f3ricos relacionados \u00e0 poeira, lama e drenagem.<\/p>\n\n\n\n<p><strong>AprovaJuv oferece cursinho preparat\u00f3rio gratuito<\/strong><\/p>\n\n\n\n<p>A Prefeitura lan\u00e7ou o AprovaJuv, programa que oferece cursinho preparat\u00f3rio gratuito para jovens de 15 a 29 anos inscritos no Enem 2026. Desenvolvida em parceria com a UFMS, a iniciativa disponibiliza aulas voltadas \u00e0 prepara\u00e7\u00e3o para o Enem e outros vestibulares, ampliando as oportunidades de acesso ao ensino superior.<\/p>\n\n\n\n<p><strong>Casos graves de VSR t\u00eam redu\u00e7\u00e3o de 49,6% na Capital<\/strong><\/p>\n\n\n\n<p>Campo Grande registrou redu\u00e7\u00e3o de 49,6% nos casos graves de V\u00edrus Sincicial Respirat\u00f3rio (VSR) que necessitaram de hospitaliza\u00e7\u00e3o em compara\u00e7\u00e3o ao mesmo per\u00edodo de 2025. O resultado est\u00e1 relacionado \u00e0s estrat\u00e9gias de imuniza\u00e7\u00e3o voltadas principalmente para gestantes, beb\u00eas e crian\u00e7as, contribuindo para reduzir a press\u00e3o sobre a rede hospitalar.<\/p>\n\n\n\n<p><strong>Morada dos Ba\u00eds retoma visita\u00e7\u00e3o p\u00fablica<\/strong><\/p>\n\n\n\n<p>Ap\u00f3s servir de cen\u00e1rio para as grava\u00e7\u00f5es de um filme sobre a artista sul-mato-grossense L\u00eddia Ba\u00eds, a Morada dos Ba\u00eds voltou a receber moradores e turistas. Um dos principais patrim\u00f4nios hist\u00f3ricos de Campo Grande retomou o atendimento ao p\u00fablico em seu hor\u00e1rio habitual, fortalecendo a valoriza\u00e7\u00e3o da cultura e da mem\u00f3ria da Capital.<\/p>\n\n\n\n<p><em>#PraTodosVerem: A imagem de capa mostra o livreto &#8220;Passaporte AprovaJuv&#8221; sobre uma mesa.<\/em><\/p>\n\n\n\n<p><\/p>\n","protected":false},"author":310,"featured_media":165597,"template":"","meta":{"custom_icon_class":"","footnotes":""},"categories":[31],"tags":[],"class_list":["post-165596","sec-noticias","type-sec-noticias","status-publish","has-post-thumbnail","hentry","category-cidadania"],"acf":[],"_links":{"self":[{"href":"https:\/\/www.campogrande.ms.gov.br\/cgnoticias\/wp-json\/wp\/v2\/sec-noticias\/165596"}],"collection":[{"href":"https:\/\/www.campogrande.ms.gov.br\/cgnoticias\/wp-json\/wp\/v2\/sec-noticias"}],"about":[{"href":"https:\/\/www.campogrande.ms.gov.br\/cgnoticias\/wp-json\/wp\/v2\/types\/sec-noticias"}],"author":[{"embeddable":true,"href":"https:\/\/www.campogrande.ms.gov.br\/cgnoticias\/wp-json\/wp\/v2\/users\/310"}],"version-history":[{"count":2,"href":"https:\/\/www.campogrande.ms.gov.br\/cgnoticias\/wp-json\/wp\/v2\/sec-noticias\/165596\/revisions"}],"predecessor-version":[{"id":165601,"href":"https:\/\/www.campogrande.ms.gov.br\/cgnoticias\/wp-json\/wp\/v2\/sec-noticias\/165596\/revisions\/165601"}],"wp:featuredmedia":[{"embeddable":true,"href":"https:\/\/www.campogrande.ms.gov.br\/cgnoticias\/wp-json\/wp\/v2\/media\/165597"}],"wp:attachment":[{"href":"https:\/\/www.campogrande.ms.gov.br\/cgnoticias\/wp-json\/wp\/v2\/media?parent=165596"}],"wp:term":[{"taxonomy":"category","embeddable":true,"href":"https:\/\/www.campogrande.ms.gov.br\/cgnoticias\/wp-json\/wp\/v2\/categories?post=165596"},{"taxonomy":"post_tag","embeddable":true,"href":"https:\/\/www.campogrande.ms.gov.br\/cgnoticias\/wp-json\/wp\/v2\/tags?post=165596"}],"curies":[{"name":"wp","href":"https:\/\/api.w.org\/{rel}","templated":true}]}}