{"id":165577,"date":"2026-07-17T16:43:00","date_gmt":"2026-07-17T20:43:00","guid":{"rendered":"https:\/\/www.campogrande.ms.gov.br\/cgnoticias\/?post_type=sec-noticias&#038;p=165577"},"modified":"2026-07-17T12:45:30","modified_gmt":"2026-07-17T16:45:30","slug":"fim-de-tarde-via-passa-por-interdicao-temporaria-hoje","status":"publish","type":"sec-noticias","link":"https:\/\/www.campogrande.ms.gov.br\/cgnoticias\/noticia\/fim-de-tarde-via-passa-por-interdicao-temporaria-hoje\/","title":{"rendered":"Fim de tarde: via passa por interdi\u00e7\u00e3o tempor\u00e1ria hoje\u00a0"},"content":{"rendered":"\n<p>Os condutores que transitam pela Rua Lago Azul precisam estar atentos a uma mudan\u00e7a r\u00e1pida no tr\u00e1fego no fim de tarde desta sexta-feira (17). A Ag\u00eancia Municipal de Transporte e Tr\u00e2nsito (Agetran) far\u00e1 um bloqueio tempor\u00e1rio no trecho compreendido entre as ruas Minas Gerais e Jo\u00e3o A. Fran\u00e7a. A restri\u00e7\u00e3o vigora por um per\u00edodo curto, das 18h \u00e0s 20h.&nbsp;<\/p>\n\n\n\n<p>A medida \u00e9 necess\u00e1ria para viabilizar a realiza\u00e7\u00e3o do Projeto Nossa Energia. Como a interven\u00e7\u00e3o coincide com a faixa de hor\u00e1rio de maior fluxo de ve\u00edculos, no retorno dos moradores para casa, a orienta\u00e7\u00e3o principal \u00e9 o planejamento do trajeto.&nbsp;<\/p>\n\n\n\n<p>As equipes de engenharia de tr\u00e1fego estabeleceram rotas alternativas pelas pr\u00f3prias vias transversais diretas. Os automobilistas devem utilizar as ruas Minas Gerais e Jo\u00e3o A. Fran\u00e7a para contornar o bloqueio sem grandes acr\u00e9scimos de tempo na viagem.&nbsp;<\/p>\n\n\n\n<p>A administra\u00e7\u00e3o municipal orienta que os motoristas reduzam imediatamente a velocidade ao se aproximarem do per\u00edmetro isolado e respeitem a sinaliza\u00e7\u00e3o provis\u00f3ria instalada no local. O cumprimento das indica\u00e7\u00f5es \u00e9 essencial para assegurar a prote\u00e7\u00e3o dos pedestres que participam da atividade e manter a fluidez vi\u00e1ria na regi\u00e3o.&nbsp;<\/p>\n\n\n\n<p><em>#PraTodosVerem: A imagem mostra cones e placas na via informando que o tr\u00e2nsito est\u00e1 impedido<\/em><\/p>\n\n\n\n<p><\/p>\n","protected":false},"author":310,"featured_media":165548,"template":"","meta":{"custom_icon_class":"","footnotes":""},"categories":[39],"tags":[],"class_list":["post-165577","sec-noticias","type-sec-noticias","status-publish","has-post-thumbnail","hentry","category-transito"],"acf":[],"_links":{"self":[{"href":"https:\/\/www.campogrande.ms.gov.br\/cgnoticias\/wp-json\/wp\/v2\/sec-noticias\/165577"}],"collection":[{"href":"https:\/\/www.campogrande.ms.gov.br\/cgnoticias\/wp-json\/wp\/v2\/sec-noticias"}],"about":[{"href":"https:\/\/www.campogrande.ms.gov.br\/cgnoticias\/wp-json\/wp\/v2\/types\/sec-noticias"}],"author":[{"embeddable":true,"href":"https:\/\/www.campogrande.ms.gov.br\/cgnoticias\/wp-json\/wp\/v2\/users\/310"}],"version-history":[{"count":2,"href":"https:\/\/www.campogrande.ms.gov.br\/cgnoticias\/wp-json\/wp\/v2\/sec-noticias\/165577\/revisions"}],"predecessor-version":[{"id":165579,"href":"https:\/\/www.campogrande.ms.gov.br\/cgnoticias\/wp-json\/wp\/v2\/sec-noticias\/165577\/revisions\/165579"}],"wp:featuredmedia":[{"embeddable":true,"href":"https:\/\/www.campogrande.ms.gov.br\/cgnoticias\/wp-json\/wp\/v2\/media\/165548"}],"wp:attachment":[{"href":"https:\/\/www.campogrande.ms.gov.br\/cgnoticias\/wp-json\/wp\/v2\/media?parent=165577"}],"wp:term":[{"taxonomy":"category","embeddable":true,"href":"https:\/\/www.campogrande.ms.gov.br\/cgnoticias\/wp-json\/wp\/v2\/categories?post=165577"},{"taxonomy":"post_tag","embeddable":true,"href":"https:\/\/www.campogrande.ms.gov.br\/cgnoticias\/wp-json\/wp\/v2\/tags?post=165577"}],"curies":[{"name":"wp","href":"https:\/\/api.w.org\/{rel}","templated":true}]}}