{"id":165557,"date":"2026-07-17T12:09:00","date_gmt":"2026-07-17T16:09:00","guid":{"rendered":"https:\/\/www.campogrande.ms.gov.br\/cgnoticias\/?post_type=sec-noticias&#038;p=165557"},"modified":"2026-07-17T12:51:11","modified_gmt":"2026-07-17T16:51:11","slug":"criancas-vivenciam-dia-de-spa-em-emei-da-capital","status":"publish","type":"sec-noticias","link":"https:\/\/www.campogrande.ms.gov.br\/cgnoticias\/noticia\/criancas-vivenciam-dia-de-spa-em-emei-da-capital\/","title":{"rendered":"Crian\u00e7as vivenciam &#8220;Dia de Spa&#8221; em Emei da Capital"},"content":{"rendered":"\n<p>O encerramento do primeiro semestre letivo ganhou um significado especial na Escola Municipal de Educa\u00e7\u00e3o Infantil (EMEI) Therezinha Mandetta Trad. Nesta semana, 22 crian\u00e7as, com idades entre 1 ano e meio e 2 anos, participaram de um &#8220;Dia de Spa&#8221;, atividade pedag\u00f3gica voltada ao desenvolvimento sensorial, ao bem-estar e ao fortalecimento dos v\u00ednculos afetivos.<\/p>\n\n\n\n<p>Com ambiente preparado especialmente para o momento, as crian\u00e7as vivenciaram uma experi\u00eancia de relaxamento que incluiu m\u00fasica suave, massagens, escalda-p\u00e9s com ervas arom\u00e1ticas, roup\u00f5es e contato com diferentes est\u00edmulos sensoriais. A proposta integrou o planejamento pedag\u00f3gico da unidade e buscou proporcionar viv\u00eancias que contribuam para o desenvolvimento integral na primeira inf\u00e2ncia.<\/p>\n\n\n\n<figure class=\"wp-block-image aligncenter size-full\"><img fetchpriority=\"high\" decoding=\"async\" width=\"836\" height=\"471\" src=\"https:\/\/cdn.campogrande.ms.gov.br\/portal\/prod\/uploads\/sites\/3\/2026\/07\/spa_16x9_4.png\" alt=\"\" class=\"wp-image-165566\" srcset=\"https:\/\/cdn.campogrande.ms.gov.br\/portal\/prod\/uploads\/sites\/3\/2026\/07\/spa_16x9_4.png 836w, https:\/\/cdn.campogrande.ms.gov.br\/portal\/prod\/uploads\/sites\/3\/2026\/07\/spa_16x9_4-300x169.png 300w, https:\/\/cdn.campogrande.ms.gov.br\/portal\/prod\/uploads\/sites\/3\/2026\/07\/spa_16x9_4-768x433.png 768w, https:\/\/cdn.campogrande.ms.gov.br\/portal\/prod\/uploads\/sites\/3\/2026\/07\/spa_16x9_4-356x200.png 356w\" sizes=\"(max-width: 836px) 100vw, 836px\" \/><\/figure>\n\n\n\n<p>Segundo a diretora da EMEI Therezinha Mandetta Trad, Eliz\u00e2ngela Melo da Silva, a atividade vai al\u00e9m do aspecto l\u00fadico e est\u00e1 alinhada \u00e0s diretrizes da Base Nacional Comum Curricular (BNCC), que valoriza as experi\u00eancias como eixo do processo de aprendizagem na educa\u00e7\u00e3o infantil.<\/p>\n\n\n\n<p>&#8220;A experi\u00eancia \u00e9 aquilo que toca a crian\u00e7a e deixa marcas no seu desenvolvimento. Trabalhamos o toque, o olfato, a rela\u00e7\u00e3o afetiva e o relaxamento por meio de elementos simples, como ervas arom\u00e1ticas, m\u00fasica e o contato com a \u00e1gua. S\u00e3o viv\u00eancias que ajudam a crian\u00e7a a reconhecer sensa\u00e7\u00f5es, compreender emo\u00e7\u00f5es e desenvolver o autocuidado desde cedo&#8221;, explica.<\/p>\n\n\n\n<p>Durante a atividade, foram utilizadas ervas como alecrim, erva-doce e marcela, proporcionando diferentes est\u00edmulos olfativos. De acordo com a diretora, a experi\u00eancia tamb\u00e9m refor\u00e7a o trabalho desenvolvido pela unidade para incentivar o contato com a natureza, reduzir o tempo de exposi\u00e7\u00e3o \u00e0s telas e fortalecer momentos de conviv\u00eancia entre as crian\u00e7as e suas fam\u00edlias.<\/p>\n\n\n\n<figure class=\"wp-block-image aligncenter size-full\"><img decoding=\"async\" width=\"836\" height=\"471\" src=\"https:\/\/cdn.campogrande.ms.gov.br\/portal\/prod\/uploads\/sites\/3\/2026\/07\/spa_16x9_3.png\" alt=\"\" class=\"wp-image-165567\" srcset=\"https:\/\/cdn.campogrande.ms.gov.br\/portal\/prod\/uploads\/sites\/3\/2026\/07\/spa_16x9_3.png 836w, https:\/\/cdn.campogrande.ms.gov.br\/portal\/prod\/uploads\/sites\/3\/2026\/07\/spa_16x9_3-300x169.png 300w, https:\/\/cdn.campogrande.ms.gov.br\/portal\/prod\/uploads\/sites\/3\/2026\/07\/spa_16x9_3-768x433.png 768w, https:\/\/cdn.campogrande.ms.gov.br\/portal\/prod\/uploads\/sites\/3\/2026\/07\/spa_16x9_3-356x200.png 356w\" sizes=\"(max-width: 836px) 100vw, 836px\" \/><\/figure>\n\n\n\n<p>A secret\u00e1ria destaca ainda que experi\u00eancias sensoriais favorecem a autorregula\u00e7\u00e3o emocional das crian\u00e7as, especialmente na primeira inf\u00e2ncia, contribuindo para momentos de tranquilidade, concentra\u00e7\u00e3o e acolhimento.<\/p>\n\n\n\n<p>Para o secret\u00e1rio municipal de Educa\u00e7\u00e3o, Lucas Henrique Bitencourt de Souza, iniciativas como essa demonstram o compromisso das equipes da Rede Municipal de Ensino com uma educa\u00e7\u00e3o que considera o desenvolvimento integral dos estudantes.<\/p>\n\n\n\n<p>&#8220;Percebemos o quanto as equipes da educa\u00e7\u00e3o infantil est\u00e3o comprometidas com um olhar sens\u00edvel, cuidadoso e intencional sobre o desenvolvimento das crian\u00e7as. N\u00e3o se trata apenas de atividades l\u00fadicas, mas de pr\u00e1ticas pedag\u00f3gicas que valorizam o acolhimento, o afeto e a escuta como elementos fundamentais do processo educativo&#8221;, afirma.<\/p>\n\n\n\n<p>O secret\u00e1rio ressalta que a\u00e7\u00f5es desenvolvidas na educa\u00e7\u00e3o infantil t\u00eam reflexos que acompanham os estudantes ao longo da vida escolar.<\/p>\n\n\n\n<figure class=\"wp-block-image aligncenter size-full\"><img decoding=\"async\" width=\"836\" height=\"470\" src=\"https:\/\/cdn.campogrande.ms.gov.br\/portal\/prod\/uploads\/sites\/3\/2026\/07\/spa_16x9_1.png\" alt=\"\" class=\"wp-image-165568\" srcset=\"https:\/\/cdn.campogrande.ms.gov.br\/portal\/prod\/uploads\/sites\/3\/2026\/07\/spa_16x9_1.png 836w, https:\/\/cdn.campogrande.ms.gov.br\/portal\/prod\/uploads\/sites\/3\/2026\/07\/spa_16x9_1-300x169.png 300w, https:\/\/cdn.campogrande.ms.gov.br\/portal\/prod\/uploads\/sites\/3\/2026\/07\/spa_16x9_1-768x432.png 768w, https:\/\/cdn.campogrande.ms.gov.br\/portal\/prod\/uploads\/sites\/3\/2026\/07\/spa_16x9_1-356x200.png 356w\" sizes=\"(max-width: 836px) 100vw, 836px\" \/><\/figure>\n\n\n\n<p>&#8220;A educa\u00e7\u00e3o infantil \u00e9 a base de todo o processo de aprendizagem. Ao estimular os sentidos, promover o bem-estar e fortalecer v\u00ednculos afetivos, criamos condi\u00e7\u00f5es mais favor\u00e1veis para que a crian\u00e7a se desenvolva com seguran\u00e7a, autonomia e interesse pelo aprender&#8221;, destaca.<\/p>\n\n\n\n<p>A iniciativa integra as a\u00e7\u00f5es desenvolvidas pela Secretaria Municipal de Educa\u00e7\u00e3o (Semed) para fortalecer pr\u00e1ticas pedag\u00f3gicas inovadoras e promover uma educa\u00e7\u00e3o humanizada, que respeita as diferentes formas de aprender e reconhece a import\u00e2ncia das experi\u00eancias vividas na primeira inf\u00e2ncia para a forma\u00e7\u00e3o das crian\u00e7as.<\/p>\n\n\n\n<p><\/p>\n","protected":false},"author":310,"featured_media":165565,"template":"","meta":{"custom_icon_class":"","footnotes":""},"categories":[38],"tags":[],"class_list":["post-165557","sec-noticias","type-sec-noticias","status-publish","has-post-thumbnail","hentry","category-educacao"],"acf":[],"_links":{"self":[{"href":"https:\/\/www.campogrande.ms.gov.br\/cgnoticias\/wp-json\/wp\/v2\/sec-noticias\/165557"}],"collection":[{"href":"https:\/\/www.campogrande.ms.gov.br\/cgnoticias\/wp-json\/wp\/v2\/sec-noticias"}],"about":[{"href":"https:\/\/www.campogrande.ms.gov.br\/cgnoticias\/wp-json\/wp\/v2\/types\/sec-noticias"}],"author":[{"embeddable":true,"href":"https:\/\/www.campogrande.ms.gov.br\/cgnoticias\/wp-json\/wp\/v2\/users\/310"}],"version-history":[{"count":3,"href":"https:\/\/www.campogrande.ms.gov.br\/cgnoticias\/wp-json\/wp\/v2\/sec-noticias\/165557\/revisions"}],"predecessor-version":[{"id":165584,"href":"https:\/\/www.campogrande.ms.gov.br\/cgnoticias\/wp-json\/wp\/v2\/sec-noticias\/165557\/revisions\/165584"}],"wp:featuredmedia":[{"embeddable":true,"href":"https:\/\/www.campogrande.ms.gov.br\/cgnoticias\/wp-json\/wp\/v2\/media\/165565"}],"wp:attachment":[{"href":"https:\/\/www.campogrande.ms.gov.br\/cgnoticias\/wp-json\/wp\/v2\/media?parent=165557"}],"wp:term":[{"taxonomy":"category","embeddable":true,"href":"https:\/\/www.campogrande.ms.gov.br\/cgnoticias\/wp-json\/wp\/v2\/categories?post=165557"},{"taxonomy":"post_tag","embeddable":true,"href":"https:\/\/www.campogrande.ms.gov.br\/cgnoticias\/wp-json\/wp\/v2\/tags?post=165557"}],"curies":[{"name":"wp","href":"https:\/\/api.w.org\/{rel}","templated":true}]}}