{"id":165543,"date":"2026-07-17T11:06:00","date_gmt":"2026-07-17T15:06:00","guid":{"rendered":"https:\/\/www.campogrande.ms.gov.br\/cgnoticias\/?post_type=sec-noticias&#038;p=165543"},"modified":"2026-07-17T16:50:10","modified_gmt":"2026-07-17T20:50:10","slug":"turismo-de-negocios-aquece-ocupacao-hoteleira-na-capital","status":"publish","type":"sec-noticias","link":"https:\/\/www.campogrande.ms.gov.br\/cgnoticias\/noticia\/turismo-de-negocios-aquece-ocupacao-hoteleira-na-capital\/","title":{"rendered":"Turismo de neg\u00f3cios aquece ocupa\u00e7\u00e3o hoteleira"},"content":{"rendered":"\n<p>O Boletim Trimestral 2026 da Din\u00e2mica da Ocupa\u00e7\u00e3o Hoteleira, publicado pela&nbsp;Secretaria Municipal do Meio Ambiente, Gest\u00e3o Urbana e Desenvolvimento Econ\u00f4mico, Tur\u00edstico e Sustent\u00e1vel (Semades), atesta o impacto direto dos grandes eventos na rede de hospedagem de Campo Grande. Os dados revelam oscila\u00e7\u00f5es atreladas \u00e0 agenda local: a ocupa\u00e7\u00e3o m\u00e9dia atingiu 53,48% em abril, caiu para 50,56% num m\u00eas de maio com calend\u00e1rio discreto, e subiu para 56,39% em junho.&nbsp;<\/p>\n\n\n\n<p>A alta de abril resultou da&nbsp;Expogrande&nbsp;e do espet\u00e1culo do&nbsp;Guns&nbsp;N&#8217; Roses, que marcou expressivos 85,52% de ocupa\u00e7\u00e3o hoteleira na data da apresenta\u00e7\u00e3o. J\u00e1 em junho, o Arraial de Santo Ant\u00f4nio alavancou os \u00edndices do setor, atraindo cerca de 15 mil pessoas.&nbsp;<\/p>\n\n\n\n<p>O cen\u00e1rio comprova a voca\u00e7\u00e3o da Capital para o turismo de neg\u00f3cios e lazer. Para suprir essa procura cont\u00ednua, a infraestrutura local tamb\u00e9m cresceu, passando de 75 para 77 estabelecimentos de hospedagem no per\u00edodo.&nbsp;<\/p>\n\n\n\n<p>O titular da&nbsp;Semades, Ademar Silva Junior, destaca a inje\u00e7\u00e3o de recursos no munic\u00edpio. \u201cCada grande feira, congresso ou show movimenta toda a cadeia econ\u00f4mica, gerando oportunidades para hot\u00e9is, restaurantes e com\u00e9rcio. Nosso compromisso \u00e9 continuar fortalecendo pol\u00edticas que ampliem a capacidade da cidade de receber visitantes\u201d.&nbsp;<\/p>\n\n\n\n<p>O relat\u00f3rio t\u00e9cnico completo est\u00e1 dispon\u00edvel para consulta p\u00fablica na p\u00e1gina do Observat\u00f3rio de Turismo, por meio do endere\u00e7o&nbsp;eletr\u00f3nico:&nbsp;<a href=\"https:\/\/www.campogrande.ms.gov.br\/semades\/sec-downloads\/dinamica-da-ocupacao-hoteleira-2o-trimestre-2026\" target=\"_blank\" rel=\"noreferrer noopener\">https:\/\/www.campogrande.ms.gov.br\/semades\/sec-downloads\/dinamica-da-ocupacao-hoteleira-2o-trimestre-2026<\/a>.&nbsp;<\/p>\n\n\n\n<p><em>#PraTodosVerem: A imagem mostra um homem fazendo check-in no hotel<\/em><\/p>\n\n\n\n<p><\/p>\n","protected":false},"author":310,"featured_media":160207,"template":"","meta":{"custom_icon_class":"","footnotes":""},"categories":[27,1],"tags":[],"class_list":["post-165543","sec-noticias","type-sec-noticias","status-publish","has-post-thumbnail","hentry","category-desenvolvimento","category-sem-categoria"],"acf":[],"_links":{"self":[{"href":"https:\/\/www.campogrande.ms.gov.br\/cgnoticias\/wp-json\/wp\/v2\/sec-noticias\/165543"}],"collection":[{"href":"https:\/\/www.campogrande.ms.gov.br\/cgnoticias\/wp-json\/wp\/v2\/sec-noticias"}],"about":[{"href":"https:\/\/www.campogrande.ms.gov.br\/cgnoticias\/wp-json\/wp\/v2\/types\/sec-noticias"}],"author":[{"embeddable":true,"href":"https:\/\/www.campogrande.ms.gov.br\/cgnoticias\/wp-json\/wp\/v2\/users\/310"}],"version-history":[{"count":4,"href":"https:\/\/www.campogrande.ms.gov.br\/cgnoticias\/wp-json\/wp\/v2\/sec-noticias\/165543\/revisions"}],"predecessor-version":[{"id":165628,"href":"https:\/\/www.campogrande.ms.gov.br\/cgnoticias\/wp-json\/wp\/v2\/sec-noticias\/165543\/revisions\/165628"}],"wp:featuredmedia":[{"embeddable":true,"href":"https:\/\/www.campogrande.ms.gov.br\/cgnoticias\/wp-json\/wp\/v2\/media\/160207"}],"wp:attachment":[{"href":"https:\/\/www.campogrande.ms.gov.br\/cgnoticias\/wp-json\/wp\/v2\/media?parent=165543"}],"wp:term":[{"taxonomy":"category","embeddable":true,"href":"https:\/\/www.campogrande.ms.gov.br\/cgnoticias\/wp-json\/wp\/v2\/categories?post=165543"},{"taxonomy":"post_tag","embeddable":true,"href":"https:\/\/www.campogrande.ms.gov.br\/cgnoticias\/wp-json\/wp\/v2\/tags?post=165543"}],"curies":[{"name":"wp","href":"https:\/\/api.w.org\/{rel}","templated":true}]}}