{"id":165537,"date":"2026-07-17T09:44:14","date_gmt":"2026-07-17T13:44:14","guid":{"rendered":"https:\/\/www.campogrande.ms.gov.br\/cgnoticias\/?post_type=sec-noticias&#038;p=165537"},"modified":"2026-07-17T11:09:54","modified_gmt":"2026-07-17T15:09:54","slug":"sejuv-oferece-curso-gratuito-de-operacao-de-drones","status":"publish","type":"sec-noticias","link":"https:\/\/www.campogrande.ms.gov.br\/cgnoticias\/noticia\/sejuv-oferece-curso-gratuito-de-operacao-de-drones\/","title":{"rendered":"Sejuv oferece curso gratuito de opera\u00e7\u00e3o de drones"},"content":{"rendered":"\n<p>Est\u00e3o abertas as inscri\u00e7\u00f5es para o curso gratuito de Opera\u00e7\u00e3o de Drones, promovido pela Secretaria Executiva da Juventude (Sejuv) em parceria com o Servi\u00e7o Nacional de Aprendizagem Rural de Mato Grosso do Sul (Senar\/MS). A capacita\u00e7\u00e3o \u00e9 destinada a jovens com 18 anos ou mais e ser\u00e1 realizada nos dias 22 e 23 de julho, em per\u00edodo integral, na sede do Senar\/Famasul, em Campo Grande.<\/p>\n\n\n\n<p>As vagas s\u00e3o limitadas e as inscri\u00e7\u00f5es devem ser feitas pelo site da Sejuv. <a href=\"https:\/\/sejuvcg.campogrande.ms.gov.br\/home\" data-type=\"link\" data-id=\"https:\/\/sejuvcg.campogrande.ms.gov.br\/home\" target=\"_blank\" rel=\"noreferrer noopener\">Clique aqui <\/a><\/p>\n\n\n\n<p>Com carga hor\u00e1ria de 16 horas, distribu\u00eddas em dois dias de atividades, o curso oferece forma\u00e7\u00e3o te\u00f3rica e pr\u00e1tica sobre a opera\u00e7\u00e3o de drones, tecnologia que vem ampliando sua presen\u00e7a em diferentes setores, como agricultura, engenharia, seguran\u00e7a p\u00fablica, mapeamento, produ\u00e7\u00e3o audiovisual e inspe\u00e7\u00f5es t\u00e9cnicas. Ao final da capacita\u00e7\u00e3o, os participantes receber\u00e3o certificado de conclus\u00e3o.<\/p>\n\n\n\n<p>As aulas ser\u00e3o realizadas na sede do Senar\/Famasul, localizada na Rua Marcino dos Santos, n\u00ba 401, no Bairro Ch\u00e1cara Cachoeira.<\/p>\n\n\n\n<p>Os interessados devem ter, no m\u00ednimo, 18 anos e realizar a inscri\u00e7\u00e3o pelo site da Secretaria Executiva da Juventude.<\/p>\n","protected":false},"author":310,"featured_media":165539,"template":"","meta":{"custom_icon_class":"","footnotes":""},"categories":[50],"tags":[],"class_list":["post-165537","sec-noticias","type-sec-noticias","status-publish","has-post-thumbnail","hentry","category-capacitacao"],"acf":[],"_links":{"self":[{"href":"https:\/\/www.campogrande.ms.gov.br\/cgnoticias\/wp-json\/wp\/v2\/sec-noticias\/165537"}],"collection":[{"href":"https:\/\/www.campogrande.ms.gov.br\/cgnoticias\/wp-json\/wp\/v2\/sec-noticias"}],"about":[{"href":"https:\/\/www.campogrande.ms.gov.br\/cgnoticias\/wp-json\/wp\/v2\/types\/sec-noticias"}],"author":[{"embeddable":true,"href":"https:\/\/www.campogrande.ms.gov.br\/cgnoticias\/wp-json\/wp\/v2\/users\/310"}],"version-history":[{"count":6,"href":"https:\/\/www.campogrande.ms.gov.br\/cgnoticias\/wp-json\/wp\/v2\/sec-noticias\/165537\/revisions"}],"predecessor-version":[{"id":165562,"href":"https:\/\/www.campogrande.ms.gov.br\/cgnoticias\/wp-json\/wp\/v2\/sec-noticias\/165537\/revisions\/165562"}],"wp:featuredmedia":[{"embeddable":true,"href":"https:\/\/www.campogrande.ms.gov.br\/cgnoticias\/wp-json\/wp\/v2\/media\/165539"}],"wp:attachment":[{"href":"https:\/\/www.campogrande.ms.gov.br\/cgnoticias\/wp-json\/wp\/v2\/media?parent=165537"}],"wp:term":[{"taxonomy":"category","embeddable":true,"href":"https:\/\/www.campogrande.ms.gov.br\/cgnoticias\/wp-json\/wp\/v2\/categories?post=165537"},{"taxonomy":"post_tag","embeddable":true,"href":"https:\/\/www.campogrande.ms.gov.br\/cgnoticias\/wp-json\/wp\/v2\/tags?post=165537"}],"curies":[{"name":"wp","href":"https:\/\/api.w.org\/{rel}","templated":true}]}}