{"id":165529,"date":"2026-07-17T07:33:00","date_gmt":"2026-07-17T11:33:00","guid":{"rendered":"https:\/\/www.campogrande.ms.gov.br\/cgnoticias\/?post_type=sec-noticias&#038;p=165529"},"modified":"2026-07-17T09:17:30","modified_gmt":"2026-07-17T13:17:30","slug":"campo-grande-reduz-quase-pela-metade-os-casos-graves-de-vsr","status":"publish","type":"sec-noticias","link":"https:\/\/www.campogrande.ms.gov.br\/cgnoticias\/noticia\/campo-grande-reduz-quase-pela-metade-os-casos-graves-de-vsr\/","title":{"rendered":"Capital reduz quase pela metade os casos graves de VSR"},"content":{"rendered":"\n<p>A amplia\u00e7\u00e3o das estrat\u00e9gias de prote\u00e7\u00e3o contra o V\u00edrus Sincicial Respirat\u00f3rio (VSR) j\u00e1 come\u00e7a a apresentar resultados em Campo Grande. Dados divulgados pela Secretaria Municipal de Sa\u00fade mostram que os casos graves da doen\u00e7a com necessidade de hospitaliza\u00e7\u00e3o ca\u00edram 49,6% em rela\u00e7\u00e3o ao mesmo per\u00edodo de 2025, com redu\u00e7\u00e3o mais expressiva entre beb\u00eas e crian\u00e7as menores de um ano, p\u00fablico mais vulner\u00e1vel \u00e0s complica\u00e7\u00f5es da infec\u00e7\u00e3o.<\/p>\n\n\n\n<p>Para a superintendente de Vigil\u00e2ncia em Sa\u00fade da Sesau, Veruska Lahdo, os n\u00fameros demonstram que as estrat\u00e9gias adotadas pelo munic\u00edpio est\u00e3o produzindo resultados concretos na prote\u00e7\u00e3o das crian\u00e7as. \u201cO resultado refor\u00e7a o impacto das medidas de imuniza\u00e7\u00e3o voltadas especialmente aos grupos priorit\u00e1rios, refletindo diretamente na prote\u00e7\u00e3o dos beb\u00eas e das crian\u00e7as pequenas, p\u00fablico mais vulner\u00e1vel \u00e0s complica\u00e7\u00f5es causadas pelo v\u00edrus\u201d, destacou.<\/p>\n\n\n\n<p>O levantamento aponta que, at\u00e9 a Semana Epidemiol\u00f3gica 28 deste ano, foram registrados 287 casos de VSR entre pacientes hospitalizados, contra 572 no mesmo per\u00edodo de 2025, o que representa uma redu\u00e7\u00e3o de 49,6%. A maior queda foi observada entre crian\u00e7as menores de um ano, faixa et\u00e1ria que concentra o maior risco de evolu\u00e7\u00e3o para quadros graves, como bronquiolite e pneumonia.<\/p>\n\n\n\n<p>A principal inova\u00e7\u00e3o na preven\u00e7\u00e3o do VSR foi a incorpora\u00e7\u00e3o da vacina para gestantes a partir da 28\u00aa semana de gesta\u00e7\u00e3o. A estrat\u00e9gia permite que a m\u00e3e transfira anticorpos ao beb\u00ea ainda durante a gravidez, garantindo prote\u00e7\u00e3o nos primeiros meses de vida, per\u00edodo de maior risco para hospitaliza\u00e7\u00f5es. Desde o in\u00edcio da campanha, cerca de 6,7 mil doses j\u00e1 foram aplicadas em Campo Grande.<\/p>\n\n\n\n<p>\u201cA redu\u00e7\u00e3o registrada neste ano \u00e9 muito significativa e demonstra que as medidas de preven\u00e7\u00e3o j\u00e1 est\u00e3o fazendo diferen\u00e7a. Quando protegemos as gestantes, protegemos tamb\u00e9m os beb\u00eas nos primeiros meses de vida, justamente o per\u00edodo de maior risco para complica\u00e7\u00f5es causadas pelo VSR. Isso refor\u00e7a a import\u00e2ncia da vacina\u00e7\u00e3o das gestantes e da amplia\u00e7\u00e3o do acesso \u00e0s tecnologias de prote\u00e7\u00e3o para os grupos mais vulner\u00e1veis\u201d, ressalta a superintendente.<\/p>\n\n\n\n<p>Outro avan\u00e7o importante foi a incorpora\u00e7\u00e3o do Nirsevimabe, anticorpo monoclonal indicado para prevenir formas graves da doen\u00e7a em prematuros e beb\u00eas com condi\u00e7\u00f5es de sa\u00fade que aumentam o risco de complica\u00e7\u00f5es. Desde fevereiro deste ano, aproximadamente 1.050 doses foram administradas nas maternidades e unidades de refer\u00eancia da Capital.<\/p>\n\n\n\n<p>Al\u00e9m de reduzir interna\u00e7\u00f5es e complica\u00e7\u00f5es, os resultados contribuem para diminuir a press\u00e3o sobre a rede hospitalar durante o per\u00edodo de maior circula\u00e7\u00e3o dos v\u00edrus respirat\u00f3rios. \u201cS\u00e3o a\u00e7\u00f5es que salvam vidas e evitam o agravamento de quadros que poderiam exigir interna\u00e7\u00e3o. J\u00e1 no primeiro ano de implementa\u00e7\u00e3o dessas estrat\u00e9gias, observamos um impacto muito positivo na prote\u00e7\u00e3o das nossas crian\u00e7as\u201d, enfatiza Veruska Lahdo.<\/p>\n\n\n\n<p>A tend\u00eancia observada em Campo Grande acompanha o cen\u00e1rio registrado em outras regi\u00f5es do pa\u00eds e refor\u00e7a a import\u00e2ncia de manter as estrat\u00e9gias de preven\u00e7\u00e3o, especialmente entre gestantes e crian\u00e7as que integram os grupos priorit\u00e1rios. Em caso de d\u00favidas sobre a vacina\u00e7\u00e3o ou outras formas de prote\u00e7\u00e3o contra o VSR, a Sesau orienta a popula\u00e7\u00e3o a procurar a unidade de sa\u00fade mais pr\u00f3xima para receber orienta\u00e7\u00f5es e acompanhamento.<\/p>\n","protected":false},"author":363,"featured_media":165530,"template":"","meta":{"custom_icon_class":"","footnotes":""},"categories":[79,40],"tags":[],"class_list":["post-165529","sec-noticias","type-sec-noticias","status-publish","has-post-thumbnail","hentry","category-prevencao","category-saude"],"acf":[],"_links":{"self":[{"href":"https:\/\/www.campogrande.ms.gov.br\/cgnoticias\/wp-json\/wp\/v2\/sec-noticias\/165529"}],"collection":[{"href":"https:\/\/www.campogrande.ms.gov.br\/cgnoticias\/wp-json\/wp\/v2\/sec-noticias"}],"about":[{"href":"https:\/\/www.campogrande.ms.gov.br\/cgnoticias\/wp-json\/wp\/v2\/types\/sec-noticias"}],"author":[{"embeddable":true,"href":"https:\/\/www.campogrande.ms.gov.br\/cgnoticias\/wp-json\/wp\/v2\/users\/363"}],"version-history":[{"count":4,"href":"https:\/\/www.campogrande.ms.gov.br\/cgnoticias\/wp-json\/wp\/v2\/sec-noticias\/165529\/revisions"}],"predecessor-version":[{"id":165534,"href":"https:\/\/www.campogrande.ms.gov.br\/cgnoticias\/wp-json\/wp\/v2\/sec-noticias\/165529\/revisions\/165534"}],"wp:featuredmedia":[{"embeddable":true,"href":"https:\/\/www.campogrande.ms.gov.br\/cgnoticias\/wp-json\/wp\/v2\/media\/165530"}],"wp:attachment":[{"href":"https:\/\/www.campogrande.ms.gov.br\/cgnoticias\/wp-json\/wp\/v2\/media?parent=165529"}],"wp:term":[{"taxonomy":"category","embeddable":true,"href":"https:\/\/www.campogrande.ms.gov.br\/cgnoticias\/wp-json\/wp\/v2\/categories?post=165529"},{"taxonomy":"post_tag","embeddable":true,"href":"https:\/\/www.campogrande.ms.gov.br\/cgnoticias\/wp-json\/wp\/v2\/tags?post=165529"}],"curies":[{"name":"wp","href":"https:\/\/api.w.org\/{rel}","templated":true}]}}