{"id":165524,"date":"2026-07-19T07:39:00","date_gmt":"2026-07-19T11:39:00","guid":{"rendered":"https:\/\/www.campogrande.ms.gov.br\/cgnoticias\/?post_type=sec-noticias&#038;p=165524"},"modified":"2026-07-20T09:59:23","modified_gmt":"2026-07-20T13:59:23","slug":"construcao-de-rotatoria-e-obras-mudam-trafego-no-domingo","status":"publish","type":"sec-noticias","link":"https:\/\/www.campogrande.ms.gov.br\/cgnoticias\/noticia\/construcao-de-rotatoria-e-obras-mudam-trafego-no-domingo\/","title":{"rendered":"Constru\u00e7\u00e3o de rotat\u00f3ria e obras mudam tr\u00e1fego no domingo"},"content":{"rendered":"\n<p>Obras de moderniza\u00e7\u00e3o vi\u00e1ria, competi\u00e7\u00f5es desportivas e celebra\u00e7\u00f5es comunit\u00e1rias modificar\u00e3o o fluxo de ve\u00edculos em Campo Grande neste domingo (19). A Ag\u00eancia Municipal de Transporte e Tr\u00e2nsito (Agetran) elaborou um esquema especial de desvios para assegurar a fluidez do tr\u00e1fego e a prote\u00e7\u00e3o de trabalhadores e pe\u00f5es durante os bloqueios. O cronograma do fim de semana tamb\u00e9m engloba alertas importantes para o in\u00edcio da rotina \u00fatil, na segunda-feira (20).&nbsp;<\/p>\n\n\n\n<p>A principal interven\u00e7\u00e3o ocorre na Avenida Rodolfo Jos\u00e9 Pinho, no cruzamento com as ruas Dos Vendas e&nbsp;Chaadi&nbsp;Scaff. O trecho ficar\u00e1 fechado de forma integral ao longo do domingo para a constru\u00e7\u00e3o de uma nova rotat\u00f3ria. Os condutores que transitam no sentido Centro-Bairro precisar\u00e3o de utilizar as ruas S\u00e3o Vicente e Uberl\u00e2ndia como alternativas. No sentido oposto, a rota de contorno designada \u00e9 a Rua Patag\u00f4nia. Na segunda-feira, as equipas de engenharia continuar\u00e3o no local a operar das 08h00 \u00e0s 16h00, com a manuten\u00e7\u00e3o dos mesmos desvios.&nbsp;<\/p>\n\n\n\n<p>Ainda no eixo das infraestruturas essenciais, a Avenida Jos\u00e9 Nogueira Vieira passar\u00e1 por obras na rede de esgotamento sanit\u00e1rio, especificamente no per\u00edmetro compreendido entre as ruas Babil\u00f4nia e do Prato. A restri\u00e7\u00e3o exigir\u00e1 o desvio pelas travessas&nbsp;Moana&nbsp;e San Martin das 08h00 \u00e0s 17h00. Nas proximidades dessa regi\u00e3o, o cruzamento da Avenida Marqu\u00eas de Pombal com a Jos\u00e9 Nogueira Vieira tamb\u00e9m sofrer\u00e1 altera\u00e7\u00f5es de fluxo das 07h00 \u00e0s 18h00, com acesso liberado exclusivamente aos moradores locais.&nbsp;<\/p>\n\n\n\n<p>O calend\u00e1rio de domingo tamb\u00e9m acomoda as atividades de bem-estar social. A partir das 07h00, a Rua Am\u00e9rico Marques e o seu entorno abrigar\u00e3o um evento desportivo de corrida, mantendo a circula\u00e7\u00e3o de tr\u00e2nsito apenas em meia pista. No per\u00edodo da tarde, a partir das 14h00, a Rua&nbsp;Imburus, na altura do n\u00famero 1.146, passar\u00e1 por bloqueio para a realiza\u00e7\u00e3o de uma festa&nbsp;julina, direcionando os automobilistas para as ruas Acau\u00e3 e Saint Roman. Mais tarde, a Rua Alberto Torres fechar\u00e1 das 16h00 \u00e0s 21h00 para o encerramento do Acampamento&nbsp;Fac, com desvios pelas ruas Doutor Jair Garcia e Felipe Dos Santos.&nbsp;<\/p>\n\n\n\n<p>Al\u00e9m da continuidade dos trabalhos na Avenida Rodolfo Jos\u00e9 Pinho, a segunda-feira registar\u00e1 uma interven\u00e7\u00e3o pesada de tr\u00e2nsito na regi\u00e3o central: a remo\u00e7\u00e3o da rotat\u00f3ria no cruzamento da Avenida Rachid Neder com a Rua Arthur Jorge. As m\u00e1quinas operar\u00e3o no trecho das 08h00 \u00e0s 16h00. Para circular pela \u00e1rea, o condutor com destino ao Centro dever\u00e1 aceder \u00e0s ruas 13 de\u00a0Junho\u00a0e Jos\u00e9 Alberto Pereira. No trajeto inverso (Centro-Bairro), as vias indicadas pelas equipas operacionais s\u00e3o a 25 de\u00a0Dezembro\u00a0e a Pio Rojas. A recomenda\u00e7\u00e3o da\u00a0Agetran\u00a0\u00e9 que os automobilistas saiam antecipadamente de casa e reduzam a velocidade ao passarem pelos per\u00edmetros operacionais.\u00a0<\/p>\n\n\n\n<p><strong>Resumo dos Bloqueios<\/strong>&nbsp;<\/p>\n\n\n\n<p><strong>DOMINGO (19\/07)<\/strong>&nbsp;<\/p>\n\n\n\n<ul class=\"wp-block-list\">\n<li><strong>Avenida Rodolfo Jos\u00e9 Pinho<\/strong>&nbsp;(com as ruas Dos Vendas e&nbsp;Chaadi&nbsp;Scaff): Bloqueio integral. Motivo: Constru\u00e7\u00e3o de rotat\u00f3ria.&nbsp;Rotas alternativas: Sentido Centro-Bairro pelas ruas S\u00e3o Vicente e Uberl\u00e2ndia; Bairro-Centro pela Rua Patag\u00f4nia.&nbsp;<\/li>\n\n\n\n<li><strong>Avenida Marqu\u00eas de Pombal&nbsp;<\/strong>(esquina com a Rua Jos\u00e9 Nogueira Vieira): Das 07h00 \u00e0s 18h00. Motivo: Obras vi\u00e1rias.&nbsp;Acesso local livre.&nbsp;<\/li>\n\n\n\n<li><strong>Avenida Jos\u00e9 Nogueira Vieira&nbsp;<\/strong>(entre as ruas Babil\u00f4nia e do Prato): Das 08h00 \u00e0s 17h00. Motivo: Obras na rede de esgoto.&nbsp;Rotas alternativas: Travessas&nbsp;Moana&nbsp;e San Martin.&nbsp;<\/li>\n\n\n\n<li><strong>Rua Am\u00e9rico Marques e regi\u00e3o:<\/strong>&nbsp;A partir das 07h00. Motivo: Evento desportivo (corrida).&nbsp;Tr\u00e2nsito a fluir em meia pista.&nbsp;<\/li>\n\n\n\n<li><strong>Rua&nbsp;Imburus, 1.146<\/strong>&nbsp;(entre as ruas Acau\u00e3 e Saint Roman): Das 14h00 \u00e0s 23h59. Motivo: Festa Julina.&nbsp;Rotas alternativas: Ruas Acau\u00e3 e Saint Roman.&nbsp;<\/li>\n\n\n\n<li><strong>Rua Alberto Torres&nbsp;<\/strong>(entre as ruas Doutor Jair Garcia e Felipe Dos Santos): Das 16h00 \u00e0s 21h00. Motivo: Acampamento Fac.&nbsp;Rotas alternativas: Ruas transversais diretas.&nbsp;<\/li>\n<\/ul>\n\n\n\n<p><strong>SEGUNDA-FEIRA (20\/07)<\/strong>&nbsp;<\/p>\n\n\n\n<ul class=\"wp-block-list\">\n<li><strong>Avenida Rodolfo Jos\u00e9 Pinho<\/strong>&nbsp;(com as ruas Dos Vendas e&nbsp;Chaadi&nbsp;Scaff): Das 08h00 \u00e0s 16h00. Motivo: Constru\u00e7\u00e3o de rotat\u00f3ria.&nbsp;Rotas alternativas: Sentido Centro-Bairro pelas ruas S\u00e3o Vicente e Uberl\u00e2ndia; Bairro-Centro pela Rua Patag\u00f4nia.<\/li>\n\n\n\n<li><strong>Avenida Rachid Neder<\/strong>&nbsp;(cruzamento com a Rua Arthur Jorge): Das 08h00 \u00e0s 16h00. Motivo: Remo\u00e7\u00e3o de rotat\u00f3ria.&nbsp;Rotas alternativas: Sentido Bairro-Centro pelas ruas 13 de&nbsp;Junho&nbsp;e Jos\u00e9 Alberto Pereira; Sentido Centro-Bairro pelas ruas 25 de&nbsp;Dezembro&nbsp;e Pio Rojas.&nbsp;<\/li>\n<\/ul>\n\n\n\n<p><em>#PraTodosVerem: A imagem mostrauma viatura da Guarda Civil Metropolitana e cones de tr\u00e2nsito interditando a via<\/em><\/p>\n\n\n\n<p><\/p>\n","protected":false},"author":310,"featured_media":163096,"template":"","meta":{"custom_icon_class":"","footnotes":""},"categories":[39],"tags":[],"class_list":["post-165524","sec-noticias","type-sec-noticias","status-publish","has-post-thumbnail","hentry","category-transito"],"acf":[],"_links":{"self":[{"href":"https:\/\/www.campogrande.ms.gov.br\/cgnoticias\/wp-json\/wp\/v2\/sec-noticias\/165524"}],"collection":[{"href":"https:\/\/www.campogrande.ms.gov.br\/cgnoticias\/wp-json\/wp\/v2\/sec-noticias"}],"about":[{"href":"https:\/\/www.campogrande.ms.gov.br\/cgnoticias\/wp-json\/wp\/v2\/types\/sec-noticias"}],"author":[{"embeddable":true,"href":"https:\/\/www.campogrande.ms.gov.br\/cgnoticias\/wp-json\/wp\/v2\/users\/310"}],"version-history":[{"count":5,"href":"https:\/\/www.campogrande.ms.gov.br\/cgnoticias\/wp-json\/wp\/v2\/sec-noticias\/165524\/revisions"}],"predecessor-version":[{"id":165645,"href":"https:\/\/www.campogrande.ms.gov.br\/cgnoticias\/wp-json\/wp\/v2\/sec-noticias\/165524\/revisions\/165645"}],"wp:featuredmedia":[{"embeddable":true,"href":"https:\/\/www.campogrande.ms.gov.br\/cgnoticias\/wp-json\/wp\/v2\/media\/163096"}],"wp:attachment":[{"href":"https:\/\/www.campogrande.ms.gov.br\/cgnoticias\/wp-json\/wp\/v2\/media?parent=165524"}],"wp:term":[{"taxonomy":"category","embeddable":true,"href":"https:\/\/www.campogrande.ms.gov.br\/cgnoticias\/wp-json\/wp\/v2\/categories?post=165524"},{"taxonomy":"post_tag","embeddable":true,"href":"https:\/\/www.campogrande.ms.gov.br\/cgnoticias\/wp-json\/wp\/v2\/tags?post=165524"}],"curies":[{"name":"wp","href":"https:\/\/api.w.org\/{rel}","templated":true}]}}