{"id":165519,"date":"2026-07-18T11:10:00","date_gmt":"2026-07-18T15:10:00","guid":{"rendered":"https:\/\/www.campogrande.ms.gov.br\/cgnoticias\/?post_type=sec-noticias&#038;p=165519"},"modified":"2026-07-17T16:21:25","modified_gmt":"2026-07-17T20:21:25","slug":"capital-recebe-feiras-exposicoes-e-corrida-neste-fim-de-semana","status":"publish","type":"sec-noticias","link":"https:\/\/www.campogrande.ms.gov.br\/cgnoticias\/noticia\/capital-recebe-feiras-exposicoes-e-corrida-neste-fim-de-semana\/","title":{"rendered":"Capital recebe feiras, exposi\u00e7\u00f5es e corrida neste fim de semana"},"content":{"rendered":"\n<p>Quem permanecer em Campo Grande neste fim de semana ter\u00e1 diversas op\u00e7\u00f5es gratuitas de lazer, cultura, gastronomia e esporte. A programa\u00e7\u00e3o de s\u00e1bado (18) e domingo (19) inclui feiras de economia criativa, exposi\u00e7\u00f5es de artes visuais, bazar beneficente e uma etapa do Circuito Sesc de Corrida nos Bairros.<\/p>\n\n\n\n<p>No s\u00e1bado (18), a Pra\u00e7a Ary Coelho recebe, das 9h \u00e0s 14h, mais uma edi\u00e7\u00e3o do Coletivo de Mulheres Empreendedoras. O evento re\u00fane expositoras de artesanato, moda, gastronomia e economia criativa, valorizando o empreendedorismo feminino e incentivando a gera\u00e7\u00e3o de renda.<\/p>\n\n\n\n<p>Para os apreciadores das artes visuais, duas exposi\u00e7\u00f5es seguem abertas ao p\u00fablico. Na Galeria de Vidro, no Complexo Ferrovi\u00e1rio, a mostra &#8220;Olhar Suspenso&#8221;, do artista Wendel Fontes, pode ser visitada das 8h \u00e0s 12h. A exposi\u00e7\u00e3o apresenta pinturas inspiradas em mem\u00f3rias, inf\u00e2ncia e cenas do cotidiano e permanece em cartaz at\u00e9 22 de julho.<\/p>\n\n\n\n<p>Outra op\u00e7\u00e3o \u00e9 a exposi\u00e7\u00e3o &#8220;Cartografias do Atravessamento&#8221;, na Casa de Cultura, aberta das 9h \u00e0s 12h. Primeira mostra individual de Renan Reis em Campo Grande, a exposi\u00e7\u00e3o re\u00fane bordados, pinturas, colagens, esculturas, instala\u00e7\u00f5es e recursos tecnol\u00f3gicos, propondo reflex\u00f5es sobre mem\u00f3ria, afeto e transforma\u00e7\u00e3o. A visita\u00e7\u00e3o \u00e9 gratuita e segue at\u00e9 21 de agosto.<\/p>\n\n\n\n<p>No domingo (19), o Armaz\u00e9m Cultural recebe um bazar beneficente das 9h \u00e0s 22h. O p\u00fablico poder\u00e1 encontrar roupas, cal\u00e7ados, perfumes, eletr\u00f4nicos, ferramentas, artigos de pesca, celulares, malas e outros produtos. De acordo com a organiza\u00e7\u00e3o, a renda ser\u00e1 destinada \u00e0 manuten\u00e7\u00e3o de projetos sociais e ao desenvolvimento de a\u00e7\u00f5es em escolas municipais e estaduais.<\/p>\n\n\n\n<p>Tamb\u00e9m no domingo, das 9h \u00e0s 15h, a Feira da Sagarana movimenta a Travessa Pacaty com expositores de gastronomia, artesanato, economia criativa e atra\u00e7\u00f5es culturais, consolidando-se como um dos principais eventos mensais de conviv\u00eancia e lazer da Capital.<\/p>\n\n\n\n<p>Para quem prefere esporte, a Pra\u00e7a do Papa ser\u00e1 palco da etapa Santo Amaro do Circuito Sesc de Corrida nos Bairros. A programa\u00e7\u00e3o acontece das 6h \u00e0s 10h, com percurso de cinco quil\u00f4metros e participa\u00e7\u00e3o de cerca de 800 atletas. O evento \u00e9 promovido pela Pantanal Race em parceria com o Sistema Fecom\u00e9rcio MS e o Sesc\/MS.<\/p>\n\n\n\n<p>Com atra\u00e7\u00f5es distribu\u00eddas em diferentes regi\u00f5es da cidade, o fim de semana oferece op\u00e7\u00f5es para todos os p\u00fablicos, reunindo cultura, lazer, esporte e iniciativas que fortalecem a economia criativa e o com\u00e9rcio local.<\/p>\n\n\n\n<p><em>#ParaTodosVerem: A imagem mostra a exposi\u00e7\u00e3o do Coletivo de Mulheres acontecendo na Pra\u00e7a Ary Coelho<\/em><\/p>\n","protected":false},"author":310,"featured_media":165522,"template":"","meta":{"custom_icon_class":"","footnotes":""},"categories":[119],"tags":[],"class_list":["post-165519","sec-noticias","type-sec-noticias","status-publish","has-post-thumbnail","hentry","category-agenda-cultural"],"acf":[],"_links":{"self":[{"href":"https:\/\/www.campogrande.ms.gov.br\/cgnoticias\/wp-json\/wp\/v2\/sec-noticias\/165519"}],"collection":[{"href":"https:\/\/www.campogrande.ms.gov.br\/cgnoticias\/wp-json\/wp\/v2\/sec-noticias"}],"about":[{"href":"https:\/\/www.campogrande.ms.gov.br\/cgnoticias\/wp-json\/wp\/v2\/types\/sec-noticias"}],"author":[{"embeddable":true,"href":"https:\/\/www.campogrande.ms.gov.br\/cgnoticias\/wp-json\/wp\/v2\/users\/310"}],"version-history":[{"count":4,"href":"https:\/\/www.campogrande.ms.gov.br\/cgnoticias\/wp-json\/wp\/v2\/sec-noticias\/165519\/revisions"}],"predecessor-version":[{"id":165599,"href":"https:\/\/www.campogrande.ms.gov.br\/cgnoticias\/wp-json\/wp\/v2\/sec-noticias\/165519\/revisions\/165599"}],"wp:featuredmedia":[{"embeddable":true,"href":"https:\/\/www.campogrande.ms.gov.br\/cgnoticias\/wp-json\/wp\/v2\/media\/165522"}],"wp:attachment":[{"href":"https:\/\/www.campogrande.ms.gov.br\/cgnoticias\/wp-json\/wp\/v2\/media?parent=165519"}],"wp:term":[{"taxonomy":"category","embeddable":true,"href":"https:\/\/www.campogrande.ms.gov.br\/cgnoticias\/wp-json\/wp\/v2\/categories?post=165519"},{"taxonomy":"post_tag","embeddable":true,"href":"https:\/\/www.campogrande.ms.gov.br\/cgnoticias\/wp-json\/wp\/v2\/tags?post=165519"}],"curies":[{"name":"wp","href":"https:\/\/api.w.org\/{rel}","templated":true}]}}