{"id":165508,"date":"2026-07-19T15:30:00","date_gmt":"2026-07-19T19:30:00","guid":{"rendered":"https:\/\/www.campogrande.ms.gov.br\/cgnoticias\/?post_type=sec-noticias&#038;p=165508"},"modified":"2026-07-17T15:51:28","modified_gmt":"2026-07-17T19:51:28","slug":"fac-leva-acao-da-campanha-do-agasalho-ao-noroeste","status":"publish","type":"sec-noticias","link":"https:\/\/www.campogrande.ms.gov.br\/cgnoticias\/noticia\/fac-leva-acao-da-campanha-do-agasalho-ao-noroeste\/","title":{"rendered":"FAC leva a\u00e7\u00e3o da Campanha do Agasalho ao Noroeste"},"content":{"rendered":"\n<p>O Fundo de Apoio \u00e0 Comunidade (FAC) realizou nesta \u00faltima semana, uma a\u00e7\u00e3o da Campanha do Agasalho 2026 no Centro de Refer\u00eancia de Assist\u00eancia Social (Cras) H\u00e9rcules Mandetta, no Jardim Noroeste. Durante a atividade, crian\u00e7as atendidas pela unidade receberam cobertores e agasalhos.<\/p>\n\n\n\n<p>A iniciativa integra as a\u00e7\u00f5es da campanha, que segue at\u00e9 31 de julho, e busca atender fam\u00edlias em situa\u00e7\u00e3o de vulnerabilidade em diferentes regi\u00f5es de Campo Grande.<\/p>\n\n\n\n<p>Durante o encontro, a presidente do FAC, Adir Diniz, destacou a import\u00e2ncia da solidariedade e do envolvimento da popula\u00e7\u00e3o nas a\u00e7\u00f5es da campanha.<\/p>\n\n\n\n<p>&#8220;A gente nunca faz nada sozinho, a gente tem que ter outras pessoas ombro a ombro e assim a gente consegue lidar com as dificuldades da vida.&#8221;<\/p>\n\n\n\n<figure class=\"wp-block-image size-large\"><img fetchpriority=\"high\" decoding=\"async\" width=\"1024\" height=\"576\" src=\"https:\/\/cdn.campogrande.ms.gov.br\/portal\/prod\/uploads\/sites\/3\/2026\/07\/PRES.FAC_.E-CRAS-1024x576.jpeg\" alt=\"\" class=\"wp-image-165509\" srcset=\"https:\/\/cdn.campogrande.ms.gov.br\/portal\/prod\/uploads\/sites\/3\/2026\/07\/PRES.FAC_.E-CRAS-1024x576.jpeg 1024w, https:\/\/cdn.campogrande.ms.gov.br\/portal\/prod\/uploads\/sites\/3\/2026\/07\/PRES.FAC_.E-CRAS-300x169.jpeg 300w, https:\/\/cdn.campogrande.ms.gov.br\/portal\/prod\/uploads\/sites\/3\/2026\/07\/PRES.FAC_.E-CRAS-768x432.jpeg 768w, https:\/\/cdn.campogrande.ms.gov.br\/portal\/prod\/uploads\/sites\/3\/2026\/07\/PRES.FAC_.E-CRAS-890x500.jpeg 890w, https:\/\/cdn.campogrande.ms.gov.br\/portal\/prod\/uploads\/sites\/3\/2026\/07\/PRES.FAC_.E-CRAS-356x200.jpeg 356w, https:\/\/cdn.campogrande.ms.gov.br\/portal\/prod\/uploads\/sites\/3\/2026\/07\/PRES.FAC_.E-CRAS.jpeg 1280w\" sizes=\"(max-width: 1024px) 100vw, 1024px\" \/><\/figure>\n\n\n\n<p>Na ocasi\u00e3o, a presidente tamb\u00e9m anunciou que retornar\u00e1 ao Cras para realizar a entrega de frutas e verduras, a\u00e7\u00e3o que integra o trabalho desenvolvido pelo Fundo de Apoio \u00e0 Comunidade.<\/p>\n\n\n\n<p>Para Artur Gomes, de 11 anos, a entrega representou um gesto de carinho.<\/p>\n\n\n\n<p>&#8220;Estou bem feliz por isso. Por ter gente ajudando. Estou bem feliz e agrade\u00e7o muito.&#8221;<\/p>\n\n\n\n<p>A coordenadora do Cras H\u00e9rcules Mandetta, Graziele da Silva, ressaltou a parceria entre as equipes para ampliar o atendimento \u00e0s fam\u00edlias.<\/p>\n\n\n\n<p>&#8220;Essa parceria com o FAC \u00e9 fundamental, e eles ficam maravilhados porque as nossas crian\u00e7as j\u00e1 vivem em situa\u00e7\u00e3o de vulnerabilidade. Poder oferecer esse suporte \u00e9 motivo de muito amor e alegria.&#8221;<\/p>\n\n\n\n<figure class=\"wp-block-image size-large\"><img decoding=\"async\" width=\"1024\" height=\"576\" src=\"https:\/\/cdn.campogrande.ms.gov.br\/portal\/prod\/uploads\/sites\/3\/2026\/07\/CRIANCAS-CRAS-NOROESTE-1-1024x576.jpeg\" alt=\"\" class=\"wp-image-165511\" srcset=\"https:\/\/cdn.campogrande.ms.gov.br\/portal\/prod\/uploads\/sites\/3\/2026\/07\/CRIANCAS-CRAS-NOROESTE-1-1024x576.jpeg 1024w, https:\/\/cdn.campogrande.ms.gov.br\/portal\/prod\/uploads\/sites\/3\/2026\/07\/CRIANCAS-CRAS-NOROESTE-1-300x169.jpeg 300w, https:\/\/cdn.campogrande.ms.gov.br\/portal\/prod\/uploads\/sites\/3\/2026\/07\/CRIANCAS-CRAS-NOROESTE-1-768x432.jpeg 768w, https:\/\/cdn.campogrande.ms.gov.br\/portal\/prod\/uploads\/sites\/3\/2026\/07\/CRIANCAS-CRAS-NOROESTE-1-890x500.jpeg 890w, https:\/\/cdn.campogrande.ms.gov.br\/portal\/prod\/uploads\/sites\/3\/2026\/07\/CRIANCAS-CRAS-NOROESTE-1-356x200.jpeg 356w, https:\/\/cdn.campogrande.ms.gov.br\/portal\/prod\/uploads\/sites\/3\/2026\/07\/CRIANCAS-CRAS-NOROESTE-1.jpeg 1280w\" sizes=\"(max-width: 1024px) 100vw, 1024px\" \/><\/figure>\n\n\n\n<p>A Campanha do Agasalho 2026 recebe doa\u00e7\u00f5es at\u00e9 o dia 31 de julho em cerca de 80 pontos distribu\u00eddos pela cidade, incluindo todas as secretarias municipais, o Pa\u00e7o Municipal, os shoppings Campo Grande e Norte Sul, o Col\u00e9gio Master e escolas da Rede Municipal de Ensino.<\/p>\n\n\n\n<p>Podem ser doadas roupas, agasalhos, mantas, cobertores, cal\u00e7ados, gorros e luvas em bom estado de conserva\u00e7\u00e3o. Todo o material arrecadado passa por triagem antes de ser destinado \u00e0s fam\u00edlias e institui\u00e7\u00f5es acompanhadas pelos servi\u00e7os sociais<\/p>\n\n\n\n<p><em>#ParaTodosVerem: a imagem de capa mostra tr\u00eas crian\u00e7as sorrindo, segurando cobertores dobrados que acabaram de receber durante a\u00e7\u00e3o da Campanha do Agasalho.<\/em><\/p>\n\n\n\n<p><\/p>\n","protected":false},"author":310,"featured_media":165512,"template":"","meta":{"custom_icon_class":"","footnotes":""},"categories":[31],"tags":[],"class_list":["post-165508","sec-noticias","type-sec-noticias","status-publish","has-post-thumbnail","hentry","category-cidadania"],"acf":[],"_links":{"self":[{"href":"https:\/\/www.campogrande.ms.gov.br\/cgnoticias\/wp-json\/wp\/v2\/sec-noticias\/165508"}],"collection":[{"href":"https:\/\/www.campogrande.ms.gov.br\/cgnoticias\/wp-json\/wp\/v2\/sec-noticias"}],"about":[{"href":"https:\/\/www.campogrande.ms.gov.br\/cgnoticias\/wp-json\/wp\/v2\/types\/sec-noticias"}],"author":[{"embeddable":true,"href":"https:\/\/www.campogrande.ms.gov.br\/cgnoticias\/wp-json\/wp\/v2\/users\/310"}],"version-history":[{"count":2,"href":"https:\/\/www.campogrande.ms.gov.br\/cgnoticias\/wp-json\/wp\/v2\/sec-noticias\/165508\/revisions"}],"predecessor-version":[{"id":165514,"href":"https:\/\/www.campogrande.ms.gov.br\/cgnoticias\/wp-json\/wp\/v2\/sec-noticias\/165508\/revisions\/165514"}],"wp:featuredmedia":[{"embeddable":true,"href":"https:\/\/www.campogrande.ms.gov.br\/cgnoticias\/wp-json\/wp\/v2\/media\/165512"}],"wp:attachment":[{"href":"https:\/\/www.campogrande.ms.gov.br\/cgnoticias\/wp-json\/wp\/v2\/media?parent=165508"}],"wp:term":[{"taxonomy":"category","embeddable":true,"href":"https:\/\/www.campogrande.ms.gov.br\/cgnoticias\/wp-json\/wp\/v2\/categories?post=165508"},{"taxonomy":"post_tag","embeddable":true,"href":"https:\/\/www.campogrande.ms.gov.br\/cgnoticias\/wp-json\/wp\/v2\/tags?post=165508"}],"curies":[{"name":"wp","href":"https:\/\/api.w.org\/{rel}","templated":true}]}}