{"id":165505,"date":"2026-07-16T14:27:00","date_gmt":"2026-07-16T18:27:00","guid":{"rendered":"https:\/\/www.campogrande.ms.gov.br\/cgnoticias\/?post_type=sec-noticias&#038;p=165505"},"modified":"2026-07-16T14:13:16","modified_gmt":"2026-07-16T18:13:16","slug":"prazo-final-cursinho-da-sejuv-encerra-cadastros-hoje","status":"publish","type":"sec-noticias","link":"https:\/\/www.campogrande.ms.gov.br\/cgnoticias\/noticia\/prazo-final-cursinho-da-sejuv-encerra-cadastros-hoje\/","title":{"rendered":"Prazo final: cursinho da\u00a0Sejuv\u00a0encerra cadastros hoje"},"content":{"rendered":"\n<p>Encerra, nesta&nbsp;quarta-feira (16), as inscri\u00e7\u00f5es para o cursinho preparat\u00f3rio&nbsp;pr\u00e9-vestibular ofertado pela Secretaria Executiva da Juventude (Sejuv).&nbsp;O programa&nbsp;AprovaJuv&nbsp;\u00e9&nbsp;parceria com a Universidade Federal de Mato Grosso do Sul (UFMS), disponibiliza, neste lote final,&nbsp;100 vagas, encerrando o ciclo de 300 oportunidades desta edi\u00e7\u00e3o.&nbsp;<\/p>\n\n\n\n<p>O projeto educacional atende jovens de 15 a 29 anos inscritos no Enem 2026. O calend\u00e1rio letivo inicia no dia 25 de julho e prossegue at\u00e9 o dia 5 de dezembro. O formato pedag\u00f3gico concentra os estudos aos s\u00e1bados, oferecendo 20 encontros que totalizam 80 horas de qualifica\u00e7\u00e3o intensiva.&nbsp;<\/p>\n\n\n\n<p>A grade curricular abrange todas as disciplinas exigidas no exame nacional e nos processos seletivos das principais universidades, com aulas ministradas por professores qualificados. O p\u00fablico-alvo engloba estudantes da rede p\u00fablica de ensino e bolsistas integrais da rede particular. A din\u00e2mica do curso dividiu o atendimento em dois polos: turmas matutinas na sede da&nbsp;Sejuv&nbsp;e turmas vespertinas no campus da UFMS.&nbsp;<\/p>\n\n\n\n<p>A administra\u00e7\u00e3o municipal orienta que o cadastro ocorre sem qualquer custo financeiro e deve ser efetuado exclusivamente pelo site oficial da pasta (<a href=\"https:\/\/sejuvcg.campogrande.ms.gov.br\/home\" target=\"_blank\" rel=\"noreferrer noopener\">https:\/\/sejuvcg.campogrande.ms.gov.br\/home<\/a>). No formul\u00e1rio online, \u00e9 obrigat\u00f3rio registrar um n\u00famero de telefone v\u00e1lido. Esse ser\u00e1 o canal utilizado pela equipe respons\u00e1vel pelas capacita\u00e7\u00f5es da&nbsp;Sejuv&nbsp;para contatar os selecionados e orientar sobre a entrega f\u00edsica da documenta\u00e7\u00e3o exigida para a efetiva\u00e7\u00e3o da matr\u00edcula.&nbsp;<\/p>\n\n\n\n<p>O candidato que n\u00e3o apresentar os documentos no per\u00edodo estipulado perder\u00e1 o direito \u00e0 vaga. Caso isso ocorra, o sistema repassar\u00e1 a oportunidade automaticamente aos inscritos alocados na lista de espera.&nbsp;<\/p>\n\n\n\n<p><em>#ParaTodosVerem: A imagem mostra jovens em sala de aula<\/em><\/p>\n\n\n\n<p><\/p>\n","protected":false},"author":310,"featured_media":165506,"template":"","meta":{"custom_icon_class":"","footnotes":""},"categories":[38,22],"tags":[],"class_list":["post-165505","sec-noticias","type-sec-noticias","status-publish","has-post-thumbnail","hentry","category-educacao","category-juventude"],"acf":[],"_links":{"self":[{"href":"https:\/\/www.campogrande.ms.gov.br\/cgnoticias\/wp-json\/wp\/v2\/sec-noticias\/165505"}],"collection":[{"href":"https:\/\/www.campogrande.ms.gov.br\/cgnoticias\/wp-json\/wp\/v2\/sec-noticias"}],"about":[{"href":"https:\/\/www.campogrande.ms.gov.br\/cgnoticias\/wp-json\/wp\/v2\/types\/sec-noticias"}],"author":[{"embeddable":true,"href":"https:\/\/www.campogrande.ms.gov.br\/cgnoticias\/wp-json\/wp\/v2\/users\/310"}],"version-history":[{"count":1,"href":"https:\/\/www.campogrande.ms.gov.br\/cgnoticias\/wp-json\/wp\/v2\/sec-noticias\/165505\/revisions"}],"predecessor-version":[{"id":165507,"href":"https:\/\/www.campogrande.ms.gov.br\/cgnoticias\/wp-json\/wp\/v2\/sec-noticias\/165505\/revisions\/165507"}],"wp:featuredmedia":[{"embeddable":true,"href":"https:\/\/www.campogrande.ms.gov.br\/cgnoticias\/wp-json\/wp\/v2\/media\/165506"}],"wp:attachment":[{"href":"https:\/\/www.campogrande.ms.gov.br\/cgnoticias\/wp-json\/wp\/v2\/media?parent=165505"}],"wp:term":[{"taxonomy":"category","embeddable":true,"href":"https:\/\/www.campogrande.ms.gov.br\/cgnoticias\/wp-json\/wp\/v2\/categories?post=165505"},{"taxonomy":"post_tag","embeddable":true,"href":"https:\/\/www.campogrande.ms.gov.br\/cgnoticias\/wp-json\/wp\/v2\/tags?post=165505"}],"curies":[{"name":"wp","href":"https:\/\/api.w.org\/{rel}","templated":true}]}}