{"id":165499,"date":"2026-07-16T13:38:00","date_gmt":"2026-07-16T17:38:00","guid":{"rendered":"https:\/\/www.campogrande.ms.gov.br\/cgnoticias\/?post_type=sec-noticias&#038;p=165499"},"modified":"2026-07-16T13:44:27","modified_gmt":"2026-07-16T17:44:27","slug":"sas-promove-capacitacao-para-qualificar-atendimentos","status":"publish","type":"sec-noticias","link":"https:\/\/www.campogrande.ms.gov.br\/cgnoticias\/noticia\/sas-promove-capacitacao-para-qualificar-atendimentos\/","title":{"rendered":"SAS promove capacita\u00e7\u00e3o para qualificar atendimentos"},"content":{"rendered":"\n<p>A Secretaria Municipal de Assist\u00eancia Social e Cidadania (SAS) iniciou o ciclo de capacita\u00e7\u00f5es Descomplicando o RMA, que vai qualificar o registro dos atendimentos realizados pela rede socioassistencial de Campo Grande. A iniciativa segue at\u00e9 setembro e re\u00fane coordenadores e t\u00e9cnicos de 117 unidades municipais e cofinanciadas.<\/p>\n\n\n\n<p>Promovida pela equipe da Vigil\u00e2ncia Socioassistencial, a capacita\u00e7\u00e3o orienta o preenchimento do Registro Mensal de Atendimentos (RMA), ferramenta utilizada por unidades como Cras, Creas e centros de acolhimento para registrar os servi\u00e7os prestados \u00e0 popula\u00e7\u00e3o.<\/p>\n\n\n\n<p>Atualizado neste ano, o formul\u00e1rio passou a incluir indicadores relacionados \u00e0 diversidade e aos fluxos migrat\u00f3rios, ampliando a capacidade de retratar a realidade social do munic\u00edpio. O preenchimento correto dos dados contribui para o planejamento de pol\u00edticas p\u00fablicas e a distribui\u00e7\u00e3o de recursos.<\/p>\n\n\n\n<p>A an\u00e1lise dessas informa\u00e7\u00f5es j\u00e1 possibilitou avan\u00e7os em Campo Grande, como a amplia\u00e7\u00e3o de vagas para migrantes, a cria\u00e7\u00e3o de novas vagas para pessoas com defici\u00eancia e a implanta\u00e7\u00e3o de tr\u00eas Conselhos Tutelares em 2024.<\/p>\n\n\n\n<p>Os encontros tamb\u00e9m s\u00e3o voltados \u00e0 resolu\u00e7\u00e3o de d\u00favidas e \u00e0 troca de experi\u00eancias entre os profissionais da rede.<\/p>\n\n\n\n<figure class=\"wp-block-image size-large\"><img fetchpriority=\"high\" decoding=\"async\" width=\"1024\" height=\"576\" src=\"https:\/\/cdn.campogrande.ms.gov.br\/portal\/prod\/uploads\/sites\/3\/2026\/07\/WhatsApp-Image-2026-07-16-at-11.38.04-1-1-1024x576.jpeg\" alt=\"\" class=\"wp-image-165502\" srcset=\"https:\/\/cdn.campogrande.ms.gov.br\/portal\/prod\/uploads\/sites\/3\/2026\/07\/WhatsApp-Image-2026-07-16-at-11.38.04-1-1-1024x576.jpeg 1024w, https:\/\/cdn.campogrande.ms.gov.br\/portal\/prod\/uploads\/sites\/3\/2026\/07\/WhatsApp-Image-2026-07-16-at-11.38.04-1-1-300x169.jpeg 300w, https:\/\/cdn.campogrande.ms.gov.br\/portal\/prod\/uploads\/sites\/3\/2026\/07\/WhatsApp-Image-2026-07-16-at-11.38.04-1-1-768x432.jpeg 768w, https:\/\/cdn.campogrande.ms.gov.br\/portal\/prod\/uploads\/sites\/3\/2026\/07\/WhatsApp-Image-2026-07-16-at-11.38.04-1-1-890x500.jpeg 890w, https:\/\/cdn.campogrande.ms.gov.br\/portal\/prod\/uploads\/sites\/3\/2026\/07\/WhatsApp-Image-2026-07-16-at-11.38.04-1-1-356x200.jpeg 356w, https:\/\/cdn.campogrande.ms.gov.br\/portal\/prod\/uploads\/sites\/3\/2026\/07\/WhatsApp-Image-2026-07-16-at-11.38.04-1-1.jpeg 1279w\" sizes=\"(max-width: 1024px) 100vw, 1024px\" \/><\/figure>\n\n\n\n<p>&#8220;Auxilia bastante porque a gente tem o contato com outras unidades e consegue compartilhar e ajudar as outras institui\u00e7\u00f5es tamb\u00e9m. O RMA teve algumas mudan\u00e7as e nem sempre o que vem por escrito \u00e9 de f\u00e1cil entendimento, por ser muito t\u00e9cnico. Essas reuni\u00f5es s\u00e3o boas para a gente conseguir entender e passar as informa\u00e7\u00f5es corretas para a SAS, para a equipe saber minuciosamente o que est\u00e1 acontecendo dentro da nossa unidade&#8221;, explicou Ariane Alda Moreira da Rosa, assistente social da Resid\u00eancia Inclusiva Casa Lar Lions.<\/p>\n\n\n\n<p>Para Elton Rocha, coordenador de uma das resid\u00eancias inclusivas para pessoas com defici\u00eancia do munic\u00edpio, a capacita\u00e7\u00e3o tamb\u00e9m fortalece a qualidade dos servi\u00e7os.<\/p>\n\n\n\n<p>&#8220;O servi\u00e7o de acolhimento em resid\u00eancia inclusiva \u00e9 novo e todos os dias surge uma demanda diferente. Sem os dados da Vigil\u00e2ncia, a gente n\u00e3o consegue aprimorar o servi\u00e7o, ent\u00e3o precisa desses encontros para discutir e trocar experi\u00eancias. Gostei bastante do formato, porque h\u00e1 uma troca a todo momento de informa\u00e7\u00f5es para que o nosso servi\u00e7o seja mais efetivo&#8221;, ressaltou.<\/p>\n\n\n\n<p>O ciclo de capacita\u00e7\u00f5es segue at\u00e9 setembro e deve reunir 234 profissionais da rede socioassistencial. A iniciativa busca padronizar o preenchimento do Registro Mensal de Atendimentos (RMA), fortalecendo a produ\u00e7\u00e3o de informa\u00e7\u00f5es que subsidiam o planejamento, o monitoramento e o aperfei\u00e7oamento das pol\u00edticas p\u00fablicas de assist\u00eancia social em Campo Grande.<\/p>\n\n\n\n<p><\/p>\n","protected":false},"author":310,"featured_media":165501,"template":"","meta":{"custom_icon_class":"","footnotes":""},"categories":[50],"tags":[],"class_list":["post-165499","sec-noticias","type-sec-noticias","status-publish","has-post-thumbnail","hentry","category-capacitacao"],"acf":[],"_links":{"self":[{"href":"https:\/\/www.campogrande.ms.gov.br\/cgnoticias\/wp-json\/wp\/v2\/sec-noticias\/165499"}],"collection":[{"href":"https:\/\/www.campogrande.ms.gov.br\/cgnoticias\/wp-json\/wp\/v2\/sec-noticias"}],"about":[{"href":"https:\/\/www.campogrande.ms.gov.br\/cgnoticias\/wp-json\/wp\/v2\/types\/sec-noticias"}],"author":[{"embeddable":true,"href":"https:\/\/www.campogrande.ms.gov.br\/cgnoticias\/wp-json\/wp\/v2\/users\/310"}],"version-history":[{"count":2,"href":"https:\/\/www.campogrande.ms.gov.br\/cgnoticias\/wp-json\/wp\/v2\/sec-noticias\/165499\/revisions"}],"predecessor-version":[{"id":165504,"href":"https:\/\/www.campogrande.ms.gov.br\/cgnoticias\/wp-json\/wp\/v2\/sec-noticias\/165499\/revisions\/165504"}],"wp:featuredmedia":[{"embeddable":true,"href":"https:\/\/www.campogrande.ms.gov.br\/cgnoticias\/wp-json\/wp\/v2\/media\/165501"}],"wp:attachment":[{"href":"https:\/\/www.campogrande.ms.gov.br\/cgnoticias\/wp-json\/wp\/v2\/media?parent=165499"}],"wp:term":[{"taxonomy":"category","embeddable":true,"href":"https:\/\/www.campogrande.ms.gov.br\/cgnoticias\/wp-json\/wp\/v2\/categories?post=165499"},{"taxonomy":"post_tag","embeddable":true,"href":"https:\/\/www.campogrande.ms.gov.br\/cgnoticias\/wp-json\/wp\/v2\/tags?post=165499"}],"curies":[{"name":"wp","href":"https:\/\/api.w.org\/{rel}","templated":true}]}}