{"id":165483,"date":"2026-07-16T11:18:36","date_gmt":"2026-07-16T15:18:36","guid":{"rendered":"https:\/\/www.campogrande.ms.gov.br\/cgnoticias\/?post_type=sec-noticias&#038;p=165483"},"modified":"2026-07-16T11:18:37","modified_gmt":"2026-07-16T15:18:37","slug":"asfalto-novo-prefeitura-inicia-obras-no-jardim-oliveira","status":"publish","type":"sec-noticias","link":"https:\/\/www.campogrande.ms.gov.br\/cgnoticias\/noticia\/asfalto-novo-prefeitura-inicia-obras-no-jardim-oliveira\/","title":{"rendered":"Asfalto novo: Prefeitura inicia obras no Jardim Oliveira\u00a0"},"content":{"rendered":"\n<p>A manh\u00e3 desta quinta-feira (16) marcou o fim de uma espera de d\u00e9cadas para as fam\u00edlias do Jardim Oliveira I e II. A Prefeitura de Campo Grande assinou a Ordem de Servi\u00e7o que autoriza o in\u00edcio imediato das obras de pavimenta\u00e7\u00e3o e drenagem na comunidade.&nbsp;&nbsp;<\/p>\n\n\n\n<p>A interven\u00e7\u00e3o abrange malha asf\u00e1ltica e rede de capta\u00e7\u00e3o de \u00e1guas pluviais, beneficiando 15 ruas do bairro. Com um aporte financeiro de R$ 7,3 milh\u00f5es, a a\u00e7\u00e3o soluciona problemas cr\u00f4nicos relacionados \u00e0 poeira no per\u00edodo de estiagem e \u00e0 lama nos dias de chuva. A frente de trabalho percorrer\u00e1 vias como a Ant\u00f4nio Jo\u00e3o Escobar, Engenheiro Orlando Oliveira, Professora Maria L\u00facia Passarelli, entre outras conex\u00f5es importantes do entorno.&nbsp;<\/p>\n\n\n\n<figure class=\"wp-block-image size-full\"><img fetchpriority=\"high\" decoding=\"async\" width=\"975\" height=\"771\" src=\"https:\/\/cdn.campogrande.ms.gov.br\/portal\/prod\/uploads\/sites\/3\/2026\/07\/WhatsApp-Image-2026-07-16-at-10.49.43-1.jpeg\" alt=\"\" class=\"wp-image-165484\" srcset=\"https:\/\/cdn.campogrande.ms.gov.br\/portal\/prod\/uploads\/sites\/3\/2026\/07\/WhatsApp-Image-2026-07-16-at-10.49.43-1.jpeg 975w, https:\/\/cdn.campogrande.ms.gov.br\/portal\/prod\/uploads\/sites\/3\/2026\/07\/WhatsApp-Image-2026-07-16-at-10.49.43-1-300x237.jpeg 300w, https:\/\/cdn.campogrande.ms.gov.br\/portal\/prod\/uploads\/sites\/3\/2026\/07\/WhatsApp-Image-2026-07-16-at-10.49.43-1-768x607.jpeg 768w\" sizes=\"(max-width: 975px) 100vw, 975px\" \/><figcaption class=\"wp-element-caption\">Prefeita Adriane Lopes em discurso durante a assinatura da Ordem de Servi\u00e7o (Foto: Ana Paula Fernandes)<\/figcaption><\/figure>\n\n\n\n<p>Durante a solenidade, a prefeita Adriane Lopes destacou o impacto social e urbano do projeto. &#8220;Hoje n\u00e3o estamos apenas assinando uma ordem de servi\u00e7o. Estamos dando in\u00edcio a uma transforma\u00e7\u00e3o esperada h\u00e1 d\u00e9cadas. Cada rua pavimentada representa mais dignidade, seguran\u00e7a e qualidade de vida para milhares de fam\u00edlias&#8221;, afirmou.&nbsp;<\/p>\n\n\n\n<p>A gestora municipal tamb\u00e9m enfatizou o ritmo de entregas estabelecido para a cidade. &#8220;Vamos continuar percorrendo todas as regi\u00f5es da cidade, levando obras, ouvindo a popula\u00e7\u00e3o e trabalhando com seriedade. Campo Grande merece uma gest\u00e3o que entrega resultados, e \u00e9 isso que continuaremos fazendo todos os dias&#8221;, complementou.&nbsp;<\/p>\n\n\n\n<figure class=\"wp-block-image size-large\"><img decoding=\"async\" width=\"1024\" height=\"683\" src=\"https:\/\/cdn.campogrande.ms.gov.br\/portal\/prod\/uploads\/sites\/3\/2026\/07\/WhatsApp-Image-2026-07-16-at-10.49.44-1-1024x683.jpeg\" alt=\"\" class=\"wp-image-165485\" srcset=\"https:\/\/cdn.campogrande.ms.gov.br\/portal\/prod\/uploads\/sites\/3\/2026\/07\/WhatsApp-Image-2026-07-16-at-10.49.44-1-1024x683.jpeg 1024w, https:\/\/cdn.campogrande.ms.gov.br\/portal\/prod\/uploads\/sites\/3\/2026\/07\/WhatsApp-Image-2026-07-16-at-10.49.44-1-300x200.jpeg 300w, https:\/\/cdn.campogrande.ms.gov.br\/portal\/prod\/uploads\/sites\/3\/2026\/07\/WhatsApp-Image-2026-07-16-at-10.49.44-1-768x512.jpeg 768w, https:\/\/cdn.campogrande.ms.gov.br\/portal\/prod\/uploads\/sites\/3\/2026\/07\/WhatsApp-Image-2026-07-16-at-10.49.44-1-1536x1024.jpeg 1536w, https:\/\/cdn.campogrande.ms.gov.br\/portal\/prod\/uploads\/sites\/3\/2026\/07\/WhatsApp-Image-2026-07-16-at-10.49.44-1.jpeg 1599w\" sizes=\"(max-width: 1024px) 100vw, 1024px\" \/><figcaption class=\"wp-element-caption\">Andr\u00e9 de Moura Brand\u00e3o, titular da Sisep, assinando a ordem de servi\u00e7o (Foto: Ana Paula Fernandes)<\/figcaption><\/figure>\n\n\n\n<p>O titular da Secretaria Municipal de Infraestrutura e Servi\u00e7os P\u00fablicos (Sisep), Andr\u00e9 de Moura Brand\u00e3o, explicou a abrang\u00eancia t\u00e9cnica da benfeitoria. &#8220;Hoje \u00e9 um dia importante para a comunidade, porque estamos iniciando uma obra muito aguardada pelos moradores. A pavimenta\u00e7\u00e3o representa mais do que infraestrutura: ela traz seguran\u00e7a, mobilidade, melhora a drenagem e garante mais qualidade de vida para quem vive aqui. Esse \u00e9 o compromisso da Prefeitura, sob a lideran\u00e7a da prefeita, de levar obras para todas as regi\u00f5es da cidade, atendendo demandas hist\u00f3ricas da popula\u00e7\u00e3o. A&nbsp;Sisep&nbsp;segue trabalhando para transformar essas necessidades em resultados concretos para os campo-grandenses.&#8221;&nbsp;<\/p>\n\n\n\n<p><strong>O fim de uma espera de 30 anos<\/strong>&nbsp;<\/p>\n\n\n\n<p>Para quem reside no local, o barulho dos motores representa um marco de cidadania. \u00c9der Carlos de Oliveira, de 57 anos, mora no bairro desde a sua funda\u00e7\u00e3o. &#8220;Eu moro aqui h\u00e1 30 anos e esperei por esse momento durante muito tempo. Hoje ver as m\u00e1quinas chegando para iniciar a pavimenta\u00e7\u00e3o \u00e9 motivo de muita alegria e gratid\u00e3o. Quero agradecer \u00e0 prefeita e a toda a Prefeitura por olharem para o nosso bairro e transformarem um sonho antigo em realidade. Essa obra vai trazer mais dignidade, seguran\u00e7a e qualidade de vida para todos n\u00f3s. \u00c9 um dia hist\u00f3rico para a nossa comunidade.&#8221;&nbsp;<\/p>\n\n\n\n<figure class=\"wp-block-image size-large\"><img decoding=\"async\" width=\"1024\" height=\"683\" src=\"https:\/\/cdn.campogrande.ms.gov.br\/portal\/prod\/uploads\/sites\/3\/2026\/07\/WhatsApp-Image-2026-07-16-at-10.49.43-1024x683.jpeg\" alt=\"\" class=\"wp-image-165486\" srcset=\"https:\/\/cdn.campogrande.ms.gov.br\/portal\/prod\/uploads\/sites\/3\/2026\/07\/WhatsApp-Image-2026-07-16-at-10.49.43-1024x683.jpeg 1024w, https:\/\/cdn.campogrande.ms.gov.br\/portal\/prod\/uploads\/sites\/3\/2026\/07\/WhatsApp-Image-2026-07-16-at-10.49.43-300x200.jpeg 300w, https:\/\/cdn.campogrande.ms.gov.br\/portal\/prod\/uploads\/sites\/3\/2026\/07\/WhatsApp-Image-2026-07-16-at-10.49.43-768x512.jpeg 768w, https:\/\/cdn.campogrande.ms.gov.br\/portal\/prod\/uploads\/sites\/3\/2026\/07\/WhatsApp-Image-2026-07-16-at-10.49.43-1536x1024.jpeg 1536w, https:\/\/cdn.campogrande.ms.gov.br\/portal\/prod\/uploads\/sites\/3\/2026\/07\/WhatsApp-Image-2026-07-16-at-10.49.43.jpeg 1599w\" sizes=\"(max-width: 1024px) 100vw, 1024px\" \/><figcaption class=\"wp-element-caption\">\u00c9der Carlos \u00e9 morador do Oliveira I e II h\u00e1 30 anos (Foto: Ana Paula Fernandes)<\/figcaption><\/figure>\n\n\n\n<p>O sentimento de conquista \u00e9 partilhado pelas lideran\u00e7as locais. O presidente da associa\u00e7\u00e3o de moradores do bairro, \u00c9dio Alves Guimar\u00e3es J\u00fanior, celebrou o in\u00edcio das atividades. &#8220;A gente esperou por esse momento durante muitos anos. Como morador e presidente do bairro, \u00e9 uma alegria enorme ver essa obra finalmente come\u00e7ando. Isso aqui vai mudar a vida de muita gente, acabar com a poeira, a lama e trazer mais seguran\u00e7a para quem vive aqui. Quero agradecer \u00e0 prefeita e a toda a equipe da Prefeitura por ouvirem a nossa comunidade e transformarem esse sonho em realidade. Hoje \u00e9 um dia de muita felicidade para todos n\u00f3s.&#8221;&nbsp;<\/p>\n\n\n\n<p>A transforma\u00e7\u00e3o no Jardim Oliveira integra o escopo do programa Vira CG Infraestrutura. O pacote global destina mais de R$ 280 milh\u00f5es para requalificar a mobilidade urbana, com recursos j\u00e1 assegurados pelo Munic\u00edpio mediante planejamento fiscal. O cronograma do programa projeta a execu\u00e7\u00e3o de mais de 80 quil\u00f4metros de pavimenta\u00e7\u00e3o e drenagem distribu\u00eddos por 29 bairros, somando mais de 200 vias transformadas em todas as regi\u00f5es da Capital.&nbsp;<\/p>\n\n\n\n<p><em>#ParaTodosVerem: A imagem em destaque mostra o maquin\u00e1rio em uma das ruas a serem pavimentadas na regi\u00e3o do Oliveira I e II<\/em><\/p>\n\n\n\n<p><\/p>\n","protected":false},"author":310,"featured_media":165487,"template":"","meta":{"custom_icon_class":"","footnotes":""},"categories":[127],"tags":[],"class_list":["post-165483","sec-noticias","type-sec-noticias","status-publish","has-post-thumbnail","hentry","category-infraestrutura"],"acf":[],"_links":{"self":[{"href":"https:\/\/www.campogrande.ms.gov.br\/cgnoticias\/wp-json\/wp\/v2\/sec-noticias\/165483"}],"collection":[{"href":"https:\/\/www.campogrande.ms.gov.br\/cgnoticias\/wp-json\/wp\/v2\/sec-noticias"}],"about":[{"href":"https:\/\/www.campogrande.ms.gov.br\/cgnoticias\/wp-json\/wp\/v2\/types\/sec-noticias"}],"author":[{"embeddable":true,"href":"https:\/\/www.campogrande.ms.gov.br\/cgnoticias\/wp-json\/wp\/v2\/users\/310"}],"version-history":[{"count":2,"href":"https:\/\/www.campogrande.ms.gov.br\/cgnoticias\/wp-json\/wp\/v2\/sec-noticias\/165483\/revisions"}],"predecessor-version":[{"id":165489,"href":"https:\/\/www.campogrande.ms.gov.br\/cgnoticias\/wp-json\/wp\/v2\/sec-noticias\/165483\/revisions\/165489"}],"wp:featuredmedia":[{"embeddable":true,"href":"https:\/\/www.campogrande.ms.gov.br\/cgnoticias\/wp-json\/wp\/v2\/media\/165487"}],"wp:attachment":[{"href":"https:\/\/www.campogrande.ms.gov.br\/cgnoticias\/wp-json\/wp\/v2\/media?parent=165483"}],"wp:term":[{"taxonomy":"category","embeddable":true,"href":"https:\/\/www.campogrande.ms.gov.br\/cgnoticias\/wp-json\/wp\/v2\/categories?post=165483"},{"taxonomy":"post_tag","embeddable":true,"href":"https:\/\/www.campogrande.ms.gov.br\/cgnoticias\/wp-json\/wp\/v2\/tags?post=165483"}],"curies":[{"name":"wp","href":"https:\/\/api.w.org\/{rel}","templated":true}]}}