{"id":165469,"date":"2026-07-16T08:43:00","date_gmt":"2026-07-16T12:43:00","guid":{"rendered":"https:\/\/www.campogrande.ms.gov.br\/cgnoticias\/?post_type=sec-noticias&#038;p=165469"},"modified":"2026-07-16T11:20:30","modified_gmt":"2026-07-16T15:20:30","slug":"casa-de-cultura-sedia-lancamento-de-livro-internacional","status":"publish","type":"sec-noticias","link":"https:\/\/www.campogrande.ms.gov.br\/cgnoticias\/noticia\/casa-de-cultura-sedia-lancamento-de-livro-internacional\/","title":{"rendered":"Casa de Cultura sedia lan\u00e7amento de livro internacional\u00a0"},"content":{"rendered":"\n<p>A Casa de Cultura de Campo Grande ser\u00e1 o palco de uma noite dedicada \u00e0 literatura latino-americana nesta quinta-feira (16), a partir das 19h. O espa\u00e7o sedia o lan\u00e7amento do livro \u201cMiguel Hern\u00e1ndez: L\u00edrica social e semente cr\u00edtica no Brasil\u201d, escrito pelo poeta e jornalista paraguaio Anuncio Mart\u00ed. O evento \u00e9 aberto ao p\u00fablico de forma gratuita e contar\u00e1 com uma apresenta\u00e7\u00e3o musical do artista Volmir Cardoso.&nbsp;<\/p>\n\n\n\n<p>A obra prop\u00f5e uma an\u00e1lise profunda sobre a presen\u00e7a e a influ\u00eancia do poeta espanhol Miguel Hern\u00e1ndez na literatura e no pensamento cr\u00edtico do Brasil. Durante o lan\u00e7amento, o autor promover\u00e1 um di\u00e1logo aberto com o p\u00fablico, conectando a produ\u00e7\u00e3o liter\u00e1ria hisp\u00e2nica \u00e0 realidade social vivenciada na Am\u00e9rica Latina.&nbsp;<\/p>\n\n\n\n<p>A publica\u00e7\u00e3o adiciona um novo cap\u00edtulo \u00e0 extensa trajet\u00f3ria de Mart\u00ed, que iniciou sua produ\u00e7\u00e3o liter\u00e1ria nos anos 1990 e apresentou seu primeiro t\u00edtulo, Urg\u00eancias, em 1995. O autor construiu uma carreira consolidada entre o jornalismo e a literatura, assinando obras recentes como Confesiones del alba (2003), R\u00edo de sombras (2023) e Exisiglio (2024). A sua rela\u00e7\u00e3o com o estado \u00e9 estreita, uma vez que concluiu a gradua\u00e7\u00e3o em Letras pela Universidade Estadual de Mato Grosso do Sul (UEMS).&nbsp;<\/p>\n\n\n\n<p>Natural de Puerto Pinasco, no Chaco paraguaio, Mart\u00ed traz em sua bagagem uma hist\u00f3ria de supera\u00e7\u00e3o que enriquece sua obra. Filho de marceneiro e falante nativo da l\u00edngua guarani, trabalhou durante a inf\u00e2ncia como engraxate e vendedor de jornais. Aprendeu o idioma espanhol apenas aos 14 anos, transformando a palavra escrita em seu principal instrumento de express\u00e3o art\u00edstica. Ap\u00f3s viver na Finl\u00e2ndia e atuar como jornalista em Assun\u00e7\u00e3o, o autor cumpre sua segunda passagem pelo Brasil, estimulando o interc\u00e2mbio cultural na Capital.&nbsp;<\/p>\n\n\n\n<p><strong>Servi\u00e7o<\/strong>&nbsp;<\/p>\n\n\n\n<ul class=\"wp-block-list\">\n<li>Lan\u00e7amento do livro \u201cMiguel Hern\u00e1ndez: L\u00edrica social e semente cr\u00edtica no Brasil\u201d, de Anuncio Mart\u00ed.\u00a0<\/li>\n\n\n\n<li><strong>Data:<\/strong> Quinta-feira, 16 de julho.\u00a0<\/li>\n\n\n\n<li><strong>Hor\u00e1rio:<\/strong> 19h.\u00a0<\/li>\n\n\n\n<li><strong>Local:<\/strong> Casa de Cultura de Campo Grande.\u00a0<\/li>\n\n\n\n<li><strong>Entrada: <\/strong>Gratuita (com apresenta\u00e7\u00e3o musical de Volmir Cardoso).\u00a0<\/li>\n<\/ul>\n\n\n\n<p><em>#PraTodosVerem: A imagem mostra a fechada da cada da Cultura<\/em><\/p>\n\n\n\n<p><\/p>\n","protected":false},"author":310,"featured_media":132189,"template":"","meta":{"custom_icon_class":"","footnotes":""},"categories":[18],"tags":[],"class_list":["post-165469","sec-noticias","type-sec-noticias","status-publish","has-post-thumbnail","hentry","category-cultura"],"acf":[],"_links":{"self":[{"href":"https:\/\/www.campogrande.ms.gov.br\/cgnoticias\/wp-json\/wp\/v2\/sec-noticias\/165469"}],"collection":[{"href":"https:\/\/www.campogrande.ms.gov.br\/cgnoticias\/wp-json\/wp\/v2\/sec-noticias"}],"about":[{"href":"https:\/\/www.campogrande.ms.gov.br\/cgnoticias\/wp-json\/wp\/v2\/types\/sec-noticias"}],"author":[{"embeddable":true,"href":"https:\/\/www.campogrande.ms.gov.br\/cgnoticias\/wp-json\/wp\/v2\/users\/310"}],"version-history":[{"count":4,"href":"https:\/\/www.campogrande.ms.gov.br\/cgnoticias\/wp-json\/wp\/v2\/sec-noticias\/165469\/revisions"}],"predecessor-version":[{"id":165491,"href":"https:\/\/www.campogrande.ms.gov.br\/cgnoticias\/wp-json\/wp\/v2\/sec-noticias\/165469\/revisions\/165491"}],"wp:featuredmedia":[{"embeddable":true,"href":"https:\/\/www.campogrande.ms.gov.br\/cgnoticias\/wp-json\/wp\/v2\/media\/132189"}],"wp:attachment":[{"href":"https:\/\/www.campogrande.ms.gov.br\/cgnoticias\/wp-json\/wp\/v2\/media?parent=165469"}],"wp:term":[{"taxonomy":"category","embeddable":true,"href":"https:\/\/www.campogrande.ms.gov.br\/cgnoticias\/wp-json\/wp\/v2\/categories?post=165469"},{"taxonomy":"post_tag","embeddable":true,"href":"https:\/\/www.campogrande.ms.gov.br\/cgnoticias\/wp-json\/wp\/v2\/tags?post=165469"}],"curies":[{"name":"wp","href":"https:\/\/api.w.org\/{rel}","templated":true}]}}