{"id":165464,"date":"2026-07-18T07:30:00","date_gmt":"2026-07-18T11:30:00","guid":{"rendered":"https:\/\/www.campogrande.ms.gov.br\/cgnoticias\/?post_type=sec-noticias&#038;p=165464"},"modified":"2026-07-17T15:17:03","modified_gmt":"2026-07-17T19:17:03","slug":"rotas-alternativas-trafego-muda-para-eventos-no-sabado","status":"publish","type":"sec-noticias","link":"https:\/\/www.campogrande.ms.gov.br\/cgnoticias\/noticia\/rotas-alternativas-trafego-muda-para-eventos-no-sabado\/","title":{"rendered":"Rotas alternativas: tr\u00e1fego muda para eventos no s\u00e1bado\u00a0"},"content":{"rendered":"\n<p>O tr\u00e1fego de ve\u00edculos em Campo Grande passar\u00e1 por adequa\u00e7\u00f5es estruturais expressivas neste s\u00e1bado (18). A cidade regista uma forte mobiliza\u00e7\u00e3o comunit\u00e1ria com a realiza\u00e7\u00e3o de festas&nbsp;julinas, projetos culturais, celebra\u00e7\u00f5es religiosas e interven\u00e7\u00f5es de infraestruturas. Para ordenar o fluxo e proteger os pe\u00f5es, a Ag\u00eancia Municipal de Transporte e Tr\u00e2nsito (Agetran) estabeleceu um rigoroso esquema de interdi\u00e7\u00f5es tempor\u00e1rias.&nbsp;<\/p>\n\n\n\n<p>A orienta\u00e7\u00e3o direcionada aos condutores foca-se no planeamento pr\u00e9vio. Consultar a lista de bloqueios antes de iniciar o trajeto poupa tempo e evita reten\u00e7\u00f5es. Nas proximidades das vias afetadas, a diretriz principal \u00e9 reduzir a velocidade, prestar especial aten\u00e7\u00e3o ao fluxo de fam\u00edlias e crian\u00e7as, e utilizar as rotas alternativas devidamente sinalizadas pelas equipas operacionais.&nbsp;<\/p>\n\n\n\n<p>Al\u00e9m do vasto calend\u00e1rio cultural que movimenta as \u00e1reas residenciais, a agenda abrange interven\u00e7\u00f5es em vias de grande fluxo. A Avenida Marqu\u00eas de Pombal, no cruzamento com a Rua Jos\u00e9 Nogueira Vieira, ficar\u00e1 com a circula\u00e7\u00e3o interrompida entre as 07h00 e as 18h00 para a execu\u00e7\u00e3o de obras vi\u00e1rias. Durante a tarde, a Rua Jos\u00e9 Ant\u00f4nio tamb\u00e9m sofrer\u00e1 um estreitamento de via para a manuten\u00e7\u00e3o de um painel publicit\u00e1rio, operando apenas em meia pista.&nbsp;<\/p>\n\n\n\n<p>Para facilitar a organiza\u00e7\u00e3o dos automobilistas, o cronograma completo de encerramentos deste s\u00e1bado foi dividido por faixas hor\u00e1rias.&nbsp;<\/p>\n\n\n\n<p><strong>Interdi\u00e7\u00f5es de S\u00e1bado (18\/07)<\/strong>&nbsp;<\/p>\n\n\n\n<p><strong>Per\u00edodo da Manh\u00e3:<\/strong>&nbsp;<\/p>\n\n\n\n<ul class=\"wp-block-list\">\n<li><strong>Avenida Marqu\u00eas de Pombal\u00a0<\/strong>(esquina com a Rua Jos\u00e9 Nogueira Vieira): Das 07h00 \u00e0s 18h00. Motivo: Obras.\u00a0Acesso local livre.\u00a0<\/li>\n\n\n\n<li><strong>Rua Augusta Rossini Guidi<\/strong>\u00a0(entre as ruas Marques de Barbacena e Rosalvo de Magalh\u00e3es): Das 08h00 \u00e0s 12h00. Motivo: Evento Social.\u00a0<\/li>\n\n\n\n<li><strong>Rua Ant\u00f4nio\u00a0Siufi<\/strong>\u00a0(entre as ruas Caramuru e T\u00falio Alves Quito): Das 09h00 \u00e0s 23h59. Motivo: Festa Julina.\u00a0<\/li>\n\n\n\n<li><strong>Rua\u00a0Temistocles<\/strong>\u00a0(entre as ruas 14 de\u00a0Julho\u00a0e a Avenida Cal\u00f3geras): Das 10h00 \u00e0s 23h59. Motivo: Evento Social.\u00a0<\/li>\n<\/ul>\n\n\n\n<p><strong>In\u00edcio da Tarde:<\/strong>&nbsp;<\/p>\n\n\n\n<ul class=\"wp-block-list\">\n<li><strong>Rua Beira Rio<\/strong>\u00a0(entre as ruas Manoel Augusto de Brito e Jo\u00e3o Rezek): Das 12h00 \u00e0s 20h00. Motivo: F\u00e9rias com Crian\u00e7as.\u00a0<\/li>\n\n\n\n<li><strong>Rua Jos\u00e9 Ant\u00f4nio<\/strong>\u00a0(pr\u00f3ximo \u00e0 Avenida Fernando Corr\u00eaa da Costa): Das 13h00 \u00e0s 17h00. Motivo: Manuten\u00e7\u00e3o de Painel.\u00a0Interdi\u00e7\u00e3o apenas em meia pista.\u00a0<\/li>\n\n\n\n<li><strong>Rua Tenesse<\/strong>\u00a0(entre as ruas\u00a0Luvirno\u00a0Bicudo e Jo\u00e3o De Farias): Das 13h00 \u00e0s 21h00. Motivo: Festa Julina.\u00a0<\/li>\n\n\n\n<li><strong>Rua Ciro Nantes Da Silveira\u00a0<\/strong>(entre as ruas Sabar\u00e1 e Ibi\u00e1): Das 13h00 \u00e0s 23h59. Motivo: Festa Julina.\u00a0<\/li>\n\n\n\n<li><strong>Rua Ponte Preta<\/strong>\u00a0(entre as ruas Am\u00e9rico Brasiliense e Presidente Ant\u00f4nio Carlos): Das 13h00 \u00e0s 23h59. Motivo: Festa Julina.\u00a0<\/li>\n\n\n\n<li><strong>Rua Celso<\/strong>\u00a0(entre as ruas Y-Juca Pirama e Francisco Chaves): Das 13h00 \u00e0s 23h59. Motivo: Festa Julina.\u00a0<\/li>\n<\/ul>\n\n\n\n<p><strong>Meio da Tarde:<\/strong>&nbsp;<\/p>\n\n\n\n<ul class=\"wp-block-list\">\n<li><strong>Rua 14 de Julho<\/strong>\u00a0(entre as ruas M\u00e1rio Corr\u00eaa e Vinte Quatro de Outubro): Das 15h00 \u00e0s 23h30. Motivo: Evento Social e Religioso.\u00a0<\/li>\n\n\n\n<li><strong>Avenida Joaquim Manoel de Carvalho<\/strong>, 395\u00a0(entre as ruas Sodr\u00e9 e Henrique Vasquez): Das 15h00 \u00e0s 23h00. Motivo: Festa Julina.<\/li>\n\n\n\n<li><strong>Rua S\u00e3o Bas\u00edlio<\/strong>\u00a0(entre as ruas Marechal C\u00e2mara, S\u00e3o Higino e Br\u00edgida): Das 15h00 \u00e0s 23h59. Motivo: Festa Santa Br\u00edgida.\u00a0<\/li>\n\n\n\n<li><strong>Rua Nelson Figueiredo Junior\u00a0<\/strong>(entre as ruas\u00a0Ipezal\u00a0e\u00a0Cayov\u00e1): Das 16h00 \u00e0s 21h00. Motivo: Festa Julina.\u00a0<\/li>\n\n\n\n<li><strong>Rua Alberto Torres<\/strong>\u00a0(entre as ruas Doutor Jair Garcia e Felipe Dos Santos): Das 16h00 \u00e0s 21h00. Motivo: IV Acampamento Fac.\u00a0<\/li>\n\n\n\n<li><strong>Avenida Sol Nascente<\/strong>\u00a0(entre as ruas das Rosas e Avenida das Primaveras): Das 17h00 \u00e0s 22h00. Motivo: Festa Julina.\u00a0<\/li>\n\n\n\n<li><strong>Rua Pau D\u2019alho, 86<\/strong>\u00a0(entre a Rua Santa Clara e a Avenida Presidente Vargas): Das 17h00 \u00e0s 23h59. Motivo: Festa Julina.\u00a0<\/li>\n<\/ul>\n\n\n\n<p><strong>Fim de Tarde \/ Noite:<\/strong>&nbsp;<\/p>\n\n\n\n<ul class=\"wp-block-list\">\n<li><strong>Avenida Acaia, 1025<\/strong>\u00a0(entre as ruas\u00a0Andreara\u00a0e Coqueirinho): Das 18h00 \u00e0s 22h00. Motivo: Evento Religioso.\u00a0<\/li>\n\n\n\n<li><strong>Rua Lind\u00f3ia, 2.513<\/strong>\u00a0(entre as ruas Angelim Cerrado e Ondina\u00a0Steim): Das 18h00 \u00e0s 23h00. Motivo: Festa Julina.\u00a0<\/li>\n\n\n\n<li><strong>Rua Ilha De Maraj\u00f3<\/strong>\u00a0(entre as ruas Do Poente e Francisco Ant\u00f4nio de Souza): Das 18h00 \u00e0s 23h59. Motivo: Festa Julina.\u00a0<\/li>\n\n\n\n<li><strong>Rua Santa Malvina<\/strong>\u00a0(entre as ruas Mariano e Abaet\u00e9): Das 18h00 \u00e0s 23h59. Motivo: Festa Julina.\u00a0<\/li>\n\n\n\n<li><strong>Rua Mercedes P. Mayer<\/strong>\u00a0(entre as ruas Lagoa Rica e Valentin H. Souza Grava): Das 18h00 \u00e0s 23h59. Motivo: Festa Julina.\u00a0<\/li>\n\n\n\n<li><strong>Rua do Ouvidor\u00a0<\/strong>(entre as ruas Mogi Mirim e S\u00e3o Ciro): Das 18h00 \u00e0s 23h59. Motivo: Festa Julina.\u00a0<\/li>\n\n\n\n<li><strong>Rua Dos Top\u00f3grafos\u00a0<\/strong>(entre as ruas Flor\u00eancio Jos\u00e9 Pereira e Valci Ribeiro Soares): Das 18h00 \u00e0s 23h59. Motivo: Festa Julina.\u00a0<\/li>\n\n\n\n<li><strong>Rua\u00a0Yokoama\u00a0<\/strong>(entre as ruas Presidente Delfim Moreira e Presidente Nilo Pe\u00e7anha): Das 18h00 \u00e0s 23h59. Motivo: Festa Julina.\u00a0<\/li>\n\n\n\n<li><strong>Avenida Paes Barreto<\/strong>\u00a0(entre as ruas Ronald De Carvalho e Odorico Mendes): Das 19h00 \u00e0s 23h59. Motivo: Festa Julina.\u00a0<\/li>\n<\/ul>\n\n\n\n<p>(Nota: As vias paralelas a cada uma das vias&nbsp;interditadas servem como rotas alternativas devidamente sinalizadas no local).&nbsp;<\/p>\n\n\n\n<p><em>#PraTodosVerem: A imagem mostra cavaletes interditando uma via<\/em><\/p>\n\n\n\n<p><\/p>\n","protected":false},"author":310,"featured_media":163905,"template":"","meta":{"custom_icon_class":"","footnotes":""},"categories":[39],"tags":[],"class_list":["post-165464","sec-noticias","type-sec-noticias","status-publish","has-post-thumbnail","hentry","category-transito"],"acf":[],"_links":{"self":[{"href":"https:\/\/www.campogrande.ms.gov.br\/cgnoticias\/wp-json\/wp\/v2\/sec-noticias\/165464"}],"collection":[{"href":"https:\/\/www.campogrande.ms.gov.br\/cgnoticias\/wp-json\/wp\/v2\/sec-noticias"}],"about":[{"href":"https:\/\/www.campogrande.ms.gov.br\/cgnoticias\/wp-json\/wp\/v2\/types\/sec-noticias"}],"author":[{"embeddable":true,"href":"https:\/\/www.campogrande.ms.gov.br\/cgnoticias\/wp-json\/wp\/v2\/users\/310"}],"version-history":[{"count":4,"href":"https:\/\/www.campogrande.ms.gov.br\/cgnoticias\/wp-json\/wp\/v2\/sec-noticias\/165464\/revisions"}],"predecessor-version":[{"id":165598,"href":"https:\/\/www.campogrande.ms.gov.br\/cgnoticias\/wp-json\/wp\/v2\/sec-noticias\/165464\/revisions\/165598"}],"wp:featuredmedia":[{"embeddable":true,"href":"https:\/\/www.campogrande.ms.gov.br\/cgnoticias\/wp-json\/wp\/v2\/media\/163905"}],"wp:attachment":[{"href":"https:\/\/www.campogrande.ms.gov.br\/cgnoticias\/wp-json\/wp\/v2\/media?parent=165464"}],"wp:term":[{"taxonomy":"category","embeddable":true,"href":"https:\/\/www.campogrande.ms.gov.br\/cgnoticias\/wp-json\/wp\/v2\/categories?post=165464"},{"taxonomy":"post_tag","embeddable":true,"href":"https:\/\/www.campogrande.ms.gov.br\/cgnoticias\/wp-json\/wp\/v2\/tags?post=165464"}],"curies":[{"name":"wp","href":"https:\/\/api.w.org\/{rel}","templated":true}]}}