{"id":165460,"date":"2026-07-17T09:23:00","date_gmt":"2026-07-17T13:23:00","guid":{"rendered":"https:\/\/www.campogrande.ms.gov.br\/cgnoticias\/?post_type=sec-noticias&#038;p=165460"},"modified":"2026-07-16T14:37:04","modified_gmt":"2026-07-16T18:37:04","slug":"ruas-passam-por-bloqueios-para-eventos-nesta-sexta-feira","status":"publish","type":"sec-noticias","link":"https:\/\/www.campogrande.ms.gov.br\/cgnoticias\/noticia\/ruas-passam-por-bloqueios-para-eventos-nesta-sexta-feira\/","title":{"rendered":"Ruas passam por bloqueios para eventos nesta sexta-feira\u00a0\u00a0"},"content":{"rendered":"\n<p>O tr\u00e1fego de ve\u00edculos em Campo Grande passar\u00e1 por adequa\u00e7\u00f5es em diferentes bairros nesta sexta-feira (17). Para viabilizar a realiza\u00e7\u00e3o de eventos culturais, festas t\u00edpicas e atividades comunit\u00e1rias, a Ag\u00eancia Municipal de Transporte e Tr\u00e2nsito (Agetran) estruturou um esquema de bloqueios tempor\u00e1rios, protegendo os pedestres e organizando a circula\u00e7\u00e3o vi\u00e1ria local.&nbsp;<\/p>\n\n\n\n<p>As interven\u00e7\u00f5es nas ruas iniciam no hor\u00e1rio de almo\u00e7o e estendem-se at\u00e9 o fim da noite. Para evitar reten\u00e7\u00f5es, a orienta\u00e7\u00e3o aos condutores \u00e9 consultar a lista de vias interditadas antes de iniciar o trajeto de volta para casa ou em dire\u00e7\u00e3o a compromissos noturnos. Nas \u00e1reas pr\u00f3ximas aos eventos, a recomenda\u00e7\u00e3o oficial inclui reduzir a velocidade e utilizar as rotas alternativas paralelas estabelecidas pelas equipes de engenharia de tr\u00e1fego.&nbsp;<\/p>\n\n\n\n<p>No in\u00edcio da tarde, a Rua Jos\u00e9 Alberto Pereira e a Rua Francisco Otaviano passar\u00e3o por restri\u00e7\u00f5es para sediar agendas culturais. No fim do dia, a mobiliza\u00e7\u00e3o do IV Acampamento&nbsp;Fac&nbsp;altera o fluxo na Rua Alberto Torres. J\u00e1 no per\u00edodo noturno, a Rua Ilha de Maraj\u00f3 e a Rua 1\u00ba de Julho abrigar\u00e3o celebra\u00e7\u00f5es comunit\u00e1rias.&nbsp;<\/p>\n\n\n\n<p>Para facilitar a organiza\u00e7\u00e3o da rotina dos motoristas, confira o cronograma detalhado de vias afetadas nesta sexta-feira.&nbsp;<\/p>\n\n\n\n<p><strong>Interdi\u00e7\u00f5es de Sexta-feira (17\/07)<\/strong>&nbsp;<\/p>\n\n\n\n<p><strong>A partir das 12h e 13h:<\/strong>&nbsp;<\/p>\n\n\n\n<ul class=\"wp-block-list\">\n<li>Rua Jos\u00e9 Alberto Pereira\u00a0(entre as ruas Sebasti\u00e3o Taveira e Antonina De Castro Faria): Das 12h \u00e0s 23h50. Motivo: Evento Cultural.\u00a0Rotas alternativas: Ruas Sebasti\u00e3o Taveira e Antonina de Castro Faria.\u00a0<\/li>\n\n\n\n<li>Rua Francisco Otaviano\u00a0(entre as ruas Pedro Lessa e Raul Bopp): Das 13h \u00e0s 23h59. Motivo: Evento Cultural.\u00a0Rotas alternativas: Ruas Pedro Lessa e Raul Bopp.\u00a0<\/li>\n<\/ul>\n\n\n\n<p><strong>A partir das 16h:<\/strong>&nbsp;<\/p>\n\n\n\n<ul class=\"wp-block-list\">\n<li>Rua Alberto Torres\u00a0(entre as ruas Doutor Jair Garcia e Felipe Dos Santos): Das 16h \u00e0s 21h. Motivo: IV Acampamento Fac.\u00a0Rotas alternativas: Ruas Doutor Jair Garcia e Felipe Dos Santos.\u00a0(A\u00e7\u00e3o di\u00e1ria estendida at\u00e9 domingo).\u00a0<\/li>\n\n\n\n<li>Rua 1\u00ba de Julho\u00a0(entre as ruas Brilhante e Santa Am\u00e9lia): Das 16h \u00e0s 23h59. Motivo: Festa Julina.\u00a0Rotas alternativas: Ruas Brilhante e Santa Am\u00e9lia.\u00a0<\/li>\n<\/ul>\n\n\n\n<p><strong>A partir das 18h:<\/strong>&nbsp;<\/p>\n\n\n\n<ul class=\"wp-block-list\">\n<li>Rua Ilha De Maraj\u00f3 (entre as ruas Do Poente e Francisco Ant\u00f4nio de Souza): Das 18h \u00e0s 23h59. Motivo: Festa Julina. Rotas alternativas: Ruas Do Poente e Francisco Ant\u00f4nio de\u00a0Souza.\u00a0<\/li>\n<\/ul>\n\n\n\n<p><strong>A partir das 16h:<\/strong>&nbsp;<\/p>\n\n\n\n<ul class=\"wp-block-list\">\n<li><strong>Rua Alberto Torres<\/strong>&nbsp;(entre as ruas Doutor Jair Garcia e Felipe Dos Santos): Das 16h \u00e0s 21h. Motivo: IV Acampamento Fac.&nbsp;Rotas alternativas: Ruas Doutor Jair Garcia e Felipe Dos Santos.&nbsp;(A\u00e7\u00e3o cont\u00ednua at\u00e9 domingo).&nbsp;<\/li>\n<\/ul>\n\n\n\n<p><strong>A partir das 18h:<\/strong>&nbsp;<\/p>\n\n\n\n<ul class=\"wp-block-list\">\n<li><strong>Rua Ilha De Maraj\u00f3<\/strong>&nbsp;(entre as ruas Do Poente e Francisco Ant\u00f4nio de Souza): Das 18h \u00e0s 23h59. Motivo: Festa Julina.&nbsp;Rotas alternativas: Ruas Do Poente e Francisco Ant\u00f4nio de Souza.&nbsp;<\/li>\n<\/ul>\n","protected":false},"author":310,"featured_media":163096,"template":"","meta":{"custom_icon_class":"","footnotes":""},"categories":[39],"tags":[],"class_list":["post-165460","sec-noticias","type-sec-noticias","status-publish","has-post-thumbnail","hentry","category-transito"],"acf":[],"_links":{"self":[{"href":"https:\/\/www.campogrande.ms.gov.br\/cgnoticias\/wp-json\/wp\/v2\/sec-noticias\/165460"}],"collection":[{"href":"https:\/\/www.campogrande.ms.gov.br\/cgnoticias\/wp-json\/wp\/v2\/sec-noticias"}],"about":[{"href":"https:\/\/www.campogrande.ms.gov.br\/cgnoticias\/wp-json\/wp\/v2\/types\/sec-noticias"}],"author":[{"embeddable":true,"href":"https:\/\/www.campogrande.ms.gov.br\/cgnoticias\/wp-json\/wp\/v2\/users\/310"}],"version-history":[{"count":3,"href":"https:\/\/www.campogrande.ms.gov.br\/cgnoticias\/wp-json\/wp\/v2\/sec-noticias\/165460\/revisions"}],"predecessor-version":[{"id":165516,"href":"https:\/\/www.campogrande.ms.gov.br\/cgnoticias\/wp-json\/wp\/v2\/sec-noticias\/165460\/revisions\/165516"}],"wp:featuredmedia":[{"embeddable":true,"href":"https:\/\/www.campogrande.ms.gov.br\/cgnoticias\/wp-json\/wp\/v2\/media\/163096"}],"wp:attachment":[{"href":"https:\/\/www.campogrande.ms.gov.br\/cgnoticias\/wp-json\/wp\/v2\/media?parent=165460"}],"wp:term":[{"taxonomy":"category","embeddable":true,"href":"https:\/\/www.campogrande.ms.gov.br\/cgnoticias\/wp-json\/wp\/v2\/categories?post=165460"},{"taxonomy":"post_tag","embeddable":true,"href":"https:\/\/www.campogrande.ms.gov.br\/cgnoticias\/wp-json\/wp\/v2\/tags?post=165460"}],"curies":[{"name":"wp","href":"https:\/\/api.w.org\/{rel}","templated":true}]}}