{"id":165457,"date":"2026-07-16T07:26:00","date_gmt":"2026-07-16T11:26:00","guid":{"rendered":"https:\/\/www.campogrande.ms.gov.br\/cgnoticias\/?post_type=sec-noticias&#038;p=165457"},"modified":"2026-07-15T16:26:09","modified_gmt":"2026-07-15T20:26:09","slug":"atencao-motoristas-as-interdicoes-para-hoje-16","status":"publish","type":"sec-noticias","link":"https:\/\/www.campogrande.ms.gov.br\/cgnoticias\/noticia\/atencao-motoristas-as-interdicoes-para-hoje-16\/","title":{"rendered":"Aten\u00e7\u00e3o, confira as interdi\u00e7\u00f5es de\u00a0hoje (16)\u00a0"},"content":{"rendered":"\n<p>Os motoristas de Campo Grande precisam planejar o trajeto com aten\u00e7\u00e3o a partir desta quinta-feira (16). O tr\u00e1fego na Rua Alberto Torres passar\u00e1 por uma interdi\u00e7\u00e3o tempor\u00e1ria para viabilizar a realiza\u00e7\u00e3o do IV Acampamento&nbsp;Fac, um evento voltado \u00e0 integra\u00e7\u00e3o comunit\u00e1ria. A opera\u00e7\u00e3o especial de tr\u00e2nsito estende-se at\u00e9 o pr\u00f3ximo domingo (19).&nbsp;<\/p>\n\n\n\n<p>O bloqueio vi\u00e1rio abranger\u00e1 o trecho compreendido entre as ruas Doutor Jair Garcia e Felipe dos Santos. A altera\u00e7\u00e3o na circula\u00e7\u00e3o de ve\u00edculos ocorrer\u00e1 diariamente em um hor\u00e1rio de grande fluxo, das 16h \u00e0s 21h, exigindo cautela de quem costuma transitar pela regi\u00e3o no fim do expediente.&nbsp;<\/p>\n\n\n\n<p>Para manter a fluidez e a seguran\u00e7a vi\u00e1ria, a Ag\u00eancia Municipal de Transporte e Tr\u00e2nsito (Agetran) estruturou rotas alternativas diretas. Os condutores poder\u00e3o utilizar as pr\u00f3prias vias transversais do bloqueio \u2014 Doutor Jair Garcia e Felipe dos Santos \u2014 para desviar do trecho fechado com facilidade.&nbsp;<\/p>\n\n\n\n<p>A orienta\u00e7\u00e3o aos motoristas \u00e9 reduzir a velocidade ao se aproximar do per\u00edmetro do acampamento e respeitar a sinaliza\u00e7\u00e3o tempor\u00e1ria instalada no local. O cuidado extra \u00e9 fundamental para proteger os pedestres e participantes que circular\u00e3o pelas proximidades durante os quatro dias de mobiliza\u00e7\u00e3o.&nbsp;<\/p>\n\n\n\n<p><strong>SERVI\u00c7O AO CIDAD\u00c3O<\/strong>&nbsp;<\/p>\n\n\n\n<ul class=\"wp-block-list\">\n<li><strong>O qu\u00ea:<\/strong>\u00a0Interdi\u00e7\u00e3o de via para o IV Acampamento Fac.\u00a0<\/li>\n\n\n\n<li><strong>Quando:\u00a0<\/strong>De quinta-feira (16) a domingo (19 de julho de 2026).\u00a0<\/li>\n\n\n\n<li><strong>Hor\u00e1rio do bloqueio:<\/strong>\u00a0Diariamente, das 16h \u00e0s 21h.\u00a0<\/li>\n\n\n\n<li><strong>Local interditado:\u00a0<\/strong>Rua Alberto Torres (trecho entre as ruas Doutor Jair Garcia e Felipe dos Santos).<\/li>\n\n\n\n<li><strong>Rotas alternativas indicadas:<\/strong>\u00a0Ruas Doutor Jair Garcia e Felipe dos Santos.\u00a0<\/li>\n<\/ul>\n\n\n\n<p><em>#ParaTodosVerem:A imagem em destaque mostra cones na rua e ve\u00edculos ao lado da interdi\u00e7\u00e3o<\/em><\/p>\n\n\n\n<p><\/p>\n","protected":false},"author":310,"featured_media":163516,"template":"","meta":{"custom_icon_class":"","footnotes":""},"categories":[1],"tags":[],"class_list":["post-165457","sec-noticias","type-sec-noticias","status-publish","has-post-thumbnail","hentry","category-sem-categoria"],"acf":[],"_links":{"self":[{"href":"https:\/\/www.campogrande.ms.gov.br\/cgnoticias\/wp-json\/wp\/v2\/sec-noticias\/165457"}],"collection":[{"href":"https:\/\/www.campogrande.ms.gov.br\/cgnoticias\/wp-json\/wp\/v2\/sec-noticias"}],"about":[{"href":"https:\/\/www.campogrande.ms.gov.br\/cgnoticias\/wp-json\/wp\/v2\/types\/sec-noticias"}],"author":[{"embeddable":true,"href":"https:\/\/www.campogrande.ms.gov.br\/cgnoticias\/wp-json\/wp\/v2\/users\/310"}],"version-history":[{"count":3,"href":"https:\/\/www.campogrande.ms.gov.br\/cgnoticias\/wp-json\/wp\/v2\/sec-noticias\/165457\/revisions"}],"predecessor-version":[{"id":165463,"href":"https:\/\/www.campogrande.ms.gov.br\/cgnoticias\/wp-json\/wp\/v2\/sec-noticias\/165457\/revisions\/165463"}],"wp:featuredmedia":[{"embeddable":true,"href":"https:\/\/www.campogrande.ms.gov.br\/cgnoticias\/wp-json\/wp\/v2\/media\/163516"}],"wp:attachment":[{"href":"https:\/\/www.campogrande.ms.gov.br\/cgnoticias\/wp-json\/wp\/v2\/media?parent=165457"}],"wp:term":[{"taxonomy":"category","embeddable":true,"href":"https:\/\/www.campogrande.ms.gov.br\/cgnoticias\/wp-json\/wp\/v2\/categories?post=165457"},{"taxonomy":"post_tag","embeddable":true,"href":"https:\/\/www.campogrande.ms.gov.br\/cgnoticias\/wp-json\/wp\/v2\/tags?post=165457"}],"curies":[{"name":"wp","href":"https:\/\/api.w.org\/{rel}","templated":true}]}}