{"id":165430,"date":"2026-07-15T12:20:30","date_gmt":"2026-07-15T16:20:30","guid":{"rendered":"https:\/\/www.campogrande.ms.gov.br\/cgnoticias\/?post_type=sec-noticias&#038;p=165430"},"modified":"2026-07-15T12:20:42","modified_gmt":"2026-07-15T16:20:42","slug":"infraestrutura-ruas-do-oliveira-i-e-ii-ganham-asfalto","status":"publish","type":"sec-noticias","link":"https:\/\/www.campogrande.ms.gov.br\/cgnoticias\/noticia\/infraestrutura-ruas-do-oliveira-i-e-ii-ganham-asfalto\/","title":{"rendered":"Infraestrutura: ruas do Oliveira I e II ganham asfalto\u00a0\u00a0"},"content":{"rendered":"\n<p>Nesta quinta-feira (16), \u00e0s 8h30, o munic\u00edpio autoriza o come\u00e7o imediato das obras de pavimenta\u00e7\u00e3o e drenagem na\u00a0regi\u00e3o do Residencial Oliveira I e II, transformando a rotina e a qualidade de vida de centenas de fam\u00edlias. A assinatura da Ordem de Servi\u00e7o ocorrer\u00e1 na Rua Doutor Germano Barros de Souza, n\u00ba 530, no Residencial Oliveira.\u00a0<\/p>\n\n\n\n<p>Sob a coordena\u00e7\u00e3o da Secretaria Municipal de Infraestrutura e Servi\u00e7os P\u00fablicos (Sisep), o projeto contempla a implanta\u00e7\u00e3o de malha asf\u00e1ltica e rede de drenagem pluvial.&nbsp;Ao todo, ser\u00e3o investidos&nbsp;R$ 7,3&nbsp;milh\u00f5es.&nbsp;A interven\u00e7\u00e3o no bairro inaugura os investimentos do programa Vira CG Infraestrutura na Regi\u00e3o Urbana do Lagoa, \u00e1rea que contar\u00e1 com um aporte&nbsp;de quase R$ 100 milh\u00f5es.&nbsp;<\/p>\n\n\n\n<p>\u201cA assinatura para o in\u00edcio dessas obras ser\u00e1 poss\u00edvel gra\u00e7as a um conjunto de a\u00e7\u00f5es constru\u00eddas com responsabilidade e planejamento. O equil\u00edbrio fiscal da Prefeitura foi fundamental para criar as condi\u00e7\u00f5es necess\u00e1rias para novos investimentos, aliado ao apoio da nossa bancada federal\u201d, destaca a prefeita Adriane Lopes.&nbsp;<\/p>\n\n\n\n<figure class=\"wp-block-image size-large\"><img fetchpriority=\"high\" decoding=\"async\" width=\"1024\" height=\"769\" src=\"https:\/\/cdn.campogrande.ms.gov.br\/portal\/prod\/uploads\/sites\/3\/2026\/07\/FRAME-1.jpg-scaled-e1784131896748-1024x769.jpeg\" alt=\"\" class=\"wp-image-165433\" srcset=\"https:\/\/cdn.campogrande.ms.gov.br\/portal\/prod\/uploads\/sites\/3\/2026\/07\/FRAME-1.jpg-scaled-e1784131896748-1024x769.jpeg 1024w, https:\/\/cdn.campogrande.ms.gov.br\/portal\/prod\/uploads\/sites\/3\/2026\/07\/FRAME-1.jpg-scaled-e1784131896748-300x225.jpeg 300w, https:\/\/cdn.campogrande.ms.gov.br\/portal\/prod\/uploads\/sites\/3\/2026\/07\/FRAME-1.jpg-scaled-e1784131896748-768x577.jpeg 768w, https:\/\/cdn.campogrande.ms.gov.br\/portal\/prod\/uploads\/sites\/3\/2026\/07\/FRAME-1.jpg-scaled-e1784131896748.jpeg 1437w\" sizes=\"(max-width: 1024px) 100vw, 1024px\" \/><figcaption class=\"wp-element-caption\">T\u00e2nia Mara, em seu carro, comemora a chegada do asfalto na regi\u00e3o do Oliveira<\/figcaption><\/figure>\n\n\n\n<p>Aguardando h\u00e1 mais de 20 anos pela chegada do asfalto no bairro, a empres\u00e1ria T\u00e2nia Mara Goulart, comemora a conquista. \u201cEsse \u00e9 um sonho que est\u00e1 sendo realizado, com um bairro bem cuidado e zelado como temos. Essa obra \u00e9 de suma import\u00e2ncia e vai garantir, principalmente, qualidade de vida e seguran\u00e7a para a comunidade\u201d.&nbsp;<\/p>\n\n\n\n<p>Ao todo, as m\u00e1quinas trabalhar\u00e3o em 15 vias do bairro. A lista de locais beneficiados inclui as ruas Ant\u00f4nio Jo\u00e3o Escobar, Ant\u00f4nio Vieira d&#8217;Almeida, Doroth\u00e9a de Oliveira, Doutor Germano Barros de Souza, Engenheiro Orlando Oliveira,&nbsp;Fidelo&nbsp;Mariana Almeida, Jos\u00e9 Garcia Lopes Filho, J\u00falio Augusto de Campos, Leonel Velasco,&nbsp;Orlandina&nbsp;de Oliveira Lima, Otac\u00edlio de Souza,&nbsp;Otorino&nbsp;Vieira, Professora Maria L\u00facia Passarelli, Saladino Nunes e Travessa Luiz Arruda.&nbsp;<\/p>\n\n\n\n<p>O pacote global do Vira CG Infraestrutura destina mais de R$ 280 milh\u00f5es para requalificar a mobilidade urbana na Capital. O programa levar\u00e1 asfalto novo para mais de 200 ruas, somando 80 quil\u00f4metros de vias transformadas, al\u00e9m de ciclovias e recapeamento em diversas regi\u00f5es.&nbsp;<\/p>\n\n\n\n<p><strong>Servi\u00e7o ao cidad\u00e3o<\/strong>&nbsp;<\/p>\n\n\n\n<ul class=\"wp-block-list\">\n<li><strong>O qu\u00ea:\u00a0<\/strong>Assinatura da Ordem de Servi\u00e7o para obras de drenagem e pavimenta\u00e7\u00e3o no Residencial Oliveira I e II.\u00a0<\/li>\n\n\n\n<li><strong>Data:&nbsp;<\/strong>Quinta-feira, 16 de maio.&nbsp;<\/li>\n\n\n\n<li><strong>Hor\u00e1rio:&nbsp;<\/strong>8h30.&nbsp;<\/li>\n\n\n\n<li><strong>Local:<\/strong>&nbsp;Rua Doutor Germano Barros de Souza, n\u00ba 530 \u2013 Residencial Oliveira.&nbsp;<\/li>\n<\/ul>\n","protected":false},"author":310,"featured_media":165435,"template":"","meta":{"custom_icon_class":"","footnotes":""},"categories":[127],"tags":[],"class_list":["post-165430","sec-noticias","type-sec-noticias","status-publish","has-post-thumbnail","hentry","category-infraestrutura"],"acf":[],"_links":{"self":[{"href":"https:\/\/www.campogrande.ms.gov.br\/cgnoticias\/wp-json\/wp\/v2\/sec-noticias\/165430"}],"collection":[{"href":"https:\/\/www.campogrande.ms.gov.br\/cgnoticias\/wp-json\/wp\/v2\/sec-noticias"}],"about":[{"href":"https:\/\/www.campogrande.ms.gov.br\/cgnoticias\/wp-json\/wp\/v2\/types\/sec-noticias"}],"author":[{"embeddable":true,"href":"https:\/\/www.campogrande.ms.gov.br\/cgnoticias\/wp-json\/wp\/v2\/users\/310"}],"version-history":[{"count":4,"href":"https:\/\/www.campogrande.ms.gov.br\/cgnoticias\/wp-json\/wp\/v2\/sec-noticias\/165430\/revisions"}],"predecessor-version":[{"id":165438,"href":"https:\/\/www.campogrande.ms.gov.br\/cgnoticias\/wp-json\/wp\/v2\/sec-noticias\/165430\/revisions\/165438"}],"wp:featuredmedia":[{"embeddable":true,"href":"https:\/\/www.campogrande.ms.gov.br\/cgnoticias\/wp-json\/wp\/v2\/media\/165435"}],"wp:attachment":[{"href":"https:\/\/www.campogrande.ms.gov.br\/cgnoticias\/wp-json\/wp\/v2\/media?parent=165430"}],"wp:term":[{"taxonomy":"category","embeddable":true,"href":"https:\/\/www.campogrande.ms.gov.br\/cgnoticias\/wp-json\/wp\/v2\/categories?post=165430"},{"taxonomy":"post_tag","embeddable":true,"href":"https:\/\/www.campogrande.ms.gov.br\/cgnoticias\/wp-json\/wp\/v2\/tags?post=165430"}],"curies":[{"name":"wp","href":"https:\/\/api.w.org\/{rel}","templated":true}]}}