{"id":165424,"date":"2026-07-15T14:35:00","date_gmt":"2026-07-15T18:35:00","guid":{"rendered":"https:\/\/www.campogrande.ms.gov.br\/cgnoticias\/?post_type=sec-noticias&#038;p=165424"},"modified":"2026-07-15T13:26:31","modified_gmt":"2026-07-15T17:26:31","slug":"campo-grandense-conquista-tres-medalhas-no-peru","status":"publish","type":"sec-noticias","link":"https:\/\/www.campogrande.ms.gov.br\/cgnoticias\/noticia\/campo-grandense-conquista-tres-medalhas-no-peru\/","title":{"rendered":"Campo-grandense conquista tr\u00eas medalhas no Peru"},"content":{"rendered":"\n<p>Com o apoio do programa Aux\u00edlio-Atleta, da Prefeitura de Campo Grande, por meio da Funda\u00e7\u00e3o Municipal de Esportes (Funesp), o atleta master Jonilson Oliveira da Silva, de 50 anos, conquistou tr\u00eas medalhas no II Ibero-Americano de Atletismo Master, realizado em Lima, no Peru. Representando Campo Grande, ele garantiu o ouro no arremesso do peso, o ouro no lan\u00e7amento do disco e o bronze no lan\u00e7amento do dardo.<\/p>\n\n\n\n<p>Para Jonilson, representar Campo Grande em uma competi\u00e7\u00e3o internacional e alcan\u00e7ar o p\u00f3dio foi motivo de orgulho. O atleta destaca que o Aux\u00edlio-Atleta foi fundamental para viabilizar sua participa\u00e7\u00e3o no campeonato, cobrindo despesas com inscri\u00e7\u00e3o, passagens, hospedagem e alimenta\u00e7\u00e3o durante os oito dias de competi\u00e7\u00e3o.<\/p>\n\n\n\n<figure class=\"wp-block-image size-large\"><img fetchpriority=\"high\" decoding=\"async\" width=\"1024\" height=\"682\" src=\"https:\/\/cdn.campogrande.ms.gov.br\/portal\/prod\/uploads\/sites\/3\/2026\/07\/1301a104-f04d-4e3f-90e6-cf8bb30a2158-1024x682.jpeg\" alt=\"\" class=\"wp-image-165427\" srcset=\"https:\/\/cdn.campogrande.ms.gov.br\/portal\/prod\/uploads\/sites\/3\/2026\/07\/1301a104-f04d-4e3f-90e6-cf8bb30a2158-1024x682.jpeg 1024w, https:\/\/cdn.campogrande.ms.gov.br\/portal\/prod\/uploads\/sites\/3\/2026\/07\/1301a104-f04d-4e3f-90e6-cf8bb30a2158-300x200.jpeg 300w, https:\/\/cdn.campogrande.ms.gov.br\/portal\/prod\/uploads\/sites\/3\/2026\/07\/1301a104-f04d-4e3f-90e6-cf8bb30a2158-768x511.jpeg 768w, https:\/\/cdn.campogrande.ms.gov.br\/portal\/prod\/uploads\/sites\/3\/2026\/07\/1301a104-f04d-4e3f-90e6-cf8bb30a2158-1536x1022.jpeg 1536w, https:\/\/cdn.campogrande.ms.gov.br\/portal\/prod\/uploads\/sites\/3\/2026\/07\/1301a104-f04d-4e3f-90e6-cf8bb30a2158.jpeg 2048w\" sizes=\"(max-width: 1024px) 100vw, 1024px\" \/><\/figure>\n\n\n\n<p>\u201cFiquei super feliz e honrado ao representar a nossa Cidade Morena em outro pa\u00eds e levar Campo Grande, Mato Grosso do Sul e o Brasil ao lugar mais alto do p\u00f3dio. O Aux\u00edlio-Atleta foi essencial em todas as etapas da competi\u00e7\u00e3o e me deu mais seguran\u00e7a e tranquilidade para focar exclusivamente nas provas, sem a preocupa\u00e7\u00e3o com os custos de um evento internacional\u201d, afirmou.<\/p>\n\n\n\n<p>O programa Aux\u00edlio-Atleta oferece suporte financeiro a atletas e paratletas de Campo Grande que representam o munic\u00edpio em competi\u00e7\u00f5es estaduais, nacionais e internacionais, contribuindo para o fortalecimento do esporte e o desenvolvimento dos talentos locais.<\/p>\n\n\n\n<p><em>#ParaTodosVerem: A imagem de capa mostra um atleta sorrindo, com medalha no pesco\u00e7o e vestindo a camiseta da sele\u00e7\u00e3o brasileira de atletismo. Ele segura a bandeira do Brasil durante a premia\u00e7\u00e3o do II Ibero-Americano de Atletismo Master.<\/em><\/p>\n\n\n\n<p><\/p>\n","protected":false},"author":310,"featured_media":165426,"template":"","meta":{"custom_icon_class":"","footnotes":""},"categories":[19],"tags":[],"class_list":["post-165424","sec-noticias","type-sec-noticias","status-publish","has-post-thumbnail","hentry","category-esporte"],"acf":[],"_links":{"self":[{"href":"https:\/\/www.campogrande.ms.gov.br\/cgnoticias\/wp-json\/wp\/v2\/sec-noticias\/165424"}],"collection":[{"href":"https:\/\/www.campogrande.ms.gov.br\/cgnoticias\/wp-json\/wp\/v2\/sec-noticias"}],"about":[{"href":"https:\/\/www.campogrande.ms.gov.br\/cgnoticias\/wp-json\/wp\/v2\/types\/sec-noticias"}],"author":[{"embeddable":true,"href":"https:\/\/www.campogrande.ms.gov.br\/cgnoticias\/wp-json\/wp\/v2\/users\/310"}],"version-history":[{"count":2,"href":"https:\/\/www.campogrande.ms.gov.br\/cgnoticias\/wp-json\/wp\/v2\/sec-noticias\/165424\/revisions"}],"predecessor-version":[{"id":165429,"href":"https:\/\/www.campogrande.ms.gov.br\/cgnoticias\/wp-json\/wp\/v2\/sec-noticias\/165424\/revisions\/165429"}],"wp:featuredmedia":[{"embeddable":true,"href":"https:\/\/www.campogrande.ms.gov.br\/cgnoticias\/wp-json\/wp\/v2\/media\/165426"}],"wp:attachment":[{"href":"https:\/\/www.campogrande.ms.gov.br\/cgnoticias\/wp-json\/wp\/v2\/media?parent=165424"}],"wp:term":[{"taxonomy":"category","embeddable":true,"href":"https:\/\/www.campogrande.ms.gov.br\/cgnoticias\/wp-json\/wp\/v2\/categories?post=165424"},{"taxonomy":"post_tag","embeddable":true,"href":"https:\/\/www.campogrande.ms.gov.br\/cgnoticias\/wp-json\/wp\/v2\/tags?post=165424"}],"curies":[{"name":"wp","href":"https:\/\/api.w.org\/{rel}","templated":true}]}}