{"id":165411,"date":"2026-07-15T10:17:11","date_gmt":"2026-07-15T14:17:11","guid":{"rendered":"https:\/\/www.campogrande.ms.gov.br\/cgnoticias\/?post_type=sec-noticias&#038;p=165411"},"modified":"2026-07-15T11:41:30","modified_gmt":"2026-07-15T15:41:30","slug":"nas-ferias-sejuv-oferece-cursos-gratuitos-para-jovens","status":"publish","type":"sec-noticias","link":"https:\/\/www.campogrande.ms.gov.br\/cgnoticias\/noticia\/nas-ferias-sejuv-oferece-cursos-gratuitos-para-jovens\/","title":{"rendered":"Nas f\u00e9rias, Sejuv oferece cursos gratuitos para jovens"},"content":{"rendered":"\n<p>Jovens com 15 anos ou mais j\u00e1 podem se inscrever nos cursos gratuitos de C\u00edlios Fio a Fio e Auxiliar Administrativo, oferecidos pela Secretaria-Executiva da Juventude (SEJUV). As capacita\u00e7\u00f5es ser\u00e3o realizadas na pr\u00f3xima segunda-feira (20), em per\u00edodos distintos, e os participantes que conclu\u00edrem a forma\u00e7\u00e3o receber\u00e3o certificado de participa\u00e7\u00e3o com carga hor\u00e1ria.<\/p>\n\n\n\n<p>No per\u00edodo da manh\u00e3, das 8h \u00e0s 11h, ser\u00e1 ministrado o curso de C\u00edlios Fio a Fio, na sede da SEJUV, localizada na Avenida Afonso Pena, n\u00ba 3.128. A forma\u00e7\u00e3o \u00e9 voltada a quem deseja aprender t\u00e9cnicas de extens\u00e3o de c\u00edlios e ampliar as oportunidades de gera\u00e7\u00e3o de renda.<\/p>\n\n\n\n<p>\u00c0 noite, das 19h \u00e0s 22h, ser\u00e1 realizado o curso de Auxiliar Administrativo, no Teatro do Pa\u00e7o Municipal, localizado na Avenida Afonso Pena, n\u00ba 3.297. A capacita\u00e7\u00e3o abordar\u00e1 no\u00e7\u00f5es fundamentais sobre rotinas administrativas, organiza\u00e7\u00e3o de documentos, atendimento e outras pr\u00e1ticas essenciais para quem busca ingressar no mercado de trabalho.<\/p>\n\n\n\n<p>As capacita\u00e7\u00f5es s\u00e3o gratuitas e voltadas para jovens a partir de 15 anos. Al\u00e9m do aprendizado, os participantes receber\u00e3o certificado, que poder\u00e1 ser utilizado para enriquecer o curr\u00edculo e comprovar horas de qualifica\u00e7\u00e3o.<\/p>\n\n\n\n<p>As vagas s\u00e3o limitadas e ser\u00e3o preenchidas por ordem de inscri\u00e7\u00e3o. Os interessados podem se inscrever pelo link:<a href=\"https:\/\/sejuvcg.campogrande.ms.gov.br\/home.\">Clique aqui <\/a><\/p>\n\n\n\n<p><\/p>\n","protected":false},"author":310,"featured_media":165412,"template":"","meta":{"custom_icon_class":"","footnotes":""},"categories":[38],"tags":[],"class_list":["post-165411","sec-noticias","type-sec-noticias","status-publish","has-post-thumbnail","hentry","category-educacao"],"acf":[],"_links":{"self":[{"href":"https:\/\/www.campogrande.ms.gov.br\/cgnoticias\/wp-json\/wp\/v2\/sec-noticias\/165411"}],"collection":[{"href":"https:\/\/www.campogrande.ms.gov.br\/cgnoticias\/wp-json\/wp\/v2\/sec-noticias"}],"about":[{"href":"https:\/\/www.campogrande.ms.gov.br\/cgnoticias\/wp-json\/wp\/v2\/types\/sec-noticias"}],"author":[{"embeddable":true,"href":"https:\/\/www.campogrande.ms.gov.br\/cgnoticias\/wp-json\/wp\/v2\/users\/310"}],"version-history":[{"count":3,"href":"https:\/\/www.campogrande.ms.gov.br\/cgnoticias\/wp-json\/wp\/v2\/sec-noticias\/165411\/revisions"}],"predecessor-version":[{"id":165423,"href":"https:\/\/www.campogrande.ms.gov.br\/cgnoticias\/wp-json\/wp\/v2\/sec-noticias\/165411\/revisions\/165423"}],"wp:featuredmedia":[{"embeddable":true,"href":"https:\/\/www.campogrande.ms.gov.br\/cgnoticias\/wp-json\/wp\/v2\/media\/165412"}],"wp:attachment":[{"href":"https:\/\/www.campogrande.ms.gov.br\/cgnoticias\/wp-json\/wp\/v2\/media?parent=165411"}],"wp:term":[{"taxonomy":"category","embeddable":true,"href":"https:\/\/www.campogrande.ms.gov.br\/cgnoticias\/wp-json\/wp\/v2\/categories?post=165411"},{"taxonomy":"post_tag","embeddable":true,"href":"https:\/\/www.campogrande.ms.gov.br\/cgnoticias\/wp-json\/wp\/v2\/tags?post=165411"}],"curies":[{"name":"wp","href":"https:\/\/api.w.org\/{rel}","templated":true}]}}