{"id":165400,"date":"2026-07-15T07:43:00","date_gmt":"2026-07-15T11:43:00","guid":{"rendered":"https:\/\/www.campogrande.ms.gov.br\/cgnoticias\/?post_type=sec-noticias&#038;p=165400"},"modified":"2026-07-15T11:01:34","modified_gmt":"2026-07-15T15:01:34","slug":"agetran-realiza-acao-educativa-sobre-patinetes-neste-sabado","status":"publish","type":"sec-noticias","link":"https:\/\/www.campogrande.ms.gov.br\/cgnoticias\/noticia\/agetran-realiza-acao-educativa-sobre-patinetes-neste-sabado\/","title":{"rendered":"Agetran promove a\u00e7\u00e3o educativa sobre patinetes"},"content":{"rendered":"\n<p>A Ag\u00eancia Municipal de Transporte e Tr\u00e2nsito (Agetran), em parceria com a empresa JET, promove neste s\u00e1bado (18), das 8h \u00e0s 11h, uma campanha educativa sobre o uso seguro dos patinetes el\u00e9tricos compartilhados. A a\u00e7\u00e3o ser\u00e1 realizada no Parque das Na\u00e7\u00f5es Ind\u00edgenas, em frente \u00e0 Vila Morena (Cidade do Natal), com participa\u00e7\u00e3o gratuita e aberta ao p\u00fablico.<\/p>\n\n\n\n<p>A iniciativa integra o per\u00edodo de testes da opera\u00e7\u00e3o dos patinetes el\u00e9tricos em Campo Grande e tem como objetivo orientar a popula\u00e7\u00e3o sobre a utiliza\u00e7\u00e3o correta dos equipamentos, incentivando o respeito \u00e0s normas de tr\u00e2nsito e a conviv\u00eancia segura entre pedestres, ciclistas e condutores.<\/p>\n\n\n\n<p>Durante a a\u00e7\u00e3o, equipes da Ger\u00eancia de Educa\u00e7\u00e3o para o Tr\u00e2nsito da Agetran e colaboradores da JET promover\u00e3o orienta\u00e7\u00f5es aos participantes, circuito educativo, demonstra\u00e7\u00f5es de condu\u00e7\u00e3o segura e testes orientados com os patinetes. A empresa tamb\u00e9m disponibilizar\u00e1 capacetes para as atividades, al\u00e9m de materiais educativos e brindes.<\/p>\n\n\n\n<p>A campanha refor\u00e7ar\u00e1 as principais orienta\u00e7\u00f5es para o uso dos equipamentos, como a utiliza\u00e7\u00e3o por maiores de 18 anos, o transporte de apenas uma pessoa por patinete, o respeito \u00e0 sinaliza\u00e7\u00e3o de tr\u00e2nsito e \u00e0 prioridade dos pedestres, al\u00e9m da import\u00e2ncia do estacionamento adequado ao t\u00e9rmino da viagem. O uso de capacete \u00e9 recomendado para ampliar a seguran\u00e7a durante a condu\u00e7\u00e3o.<\/p>\n\n\n\n<p>Com o tema &#8220;A micromobilidade segura come\u00e7a com informa\u00e7\u00e3o&#8221;, a a\u00e7\u00e3o busca incentivar o uso respons\u00e1vel dessa nova alternativa de mobilidade urbana, contribuindo para um tr\u00e2nsito mais seguro e organizado.<\/p>\n\n\n\n<p><strong>Servi\u00e7o<\/strong><\/p>\n\n\n\n<p>Campanha Educativa sobre o Uso Seguro dos Patinetes El\u00e9tricos<\/p>\n\n\n\n<p>Data: 18 de julho (s\u00e1bado)<\/p>\n\n\n\n<p>Hor\u00e1rio: das 8h \u00e0s 11h<\/p>\n\n\n\n<p>Local: Parque das Na\u00e7\u00f5es Ind\u00edgenas, em frente \u00e0 Vila Morena (Cidade do Natal).<\/p>\n\n\n\n<p><\/p>\n","protected":false},"author":310,"featured_media":165401,"template":"","meta":{"custom_icon_class":"","footnotes":""},"categories":[113],"tags":[],"class_list":["post-165400","sec-noticias","type-sec-noticias","status-publish","has-post-thumbnail","hentry","category-mobilidade-urbana"],"acf":[],"_links":{"self":[{"href":"https:\/\/www.campogrande.ms.gov.br\/cgnoticias\/wp-json\/wp\/v2\/sec-noticias\/165400"}],"collection":[{"href":"https:\/\/www.campogrande.ms.gov.br\/cgnoticias\/wp-json\/wp\/v2\/sec-noticias"}],"about":[{"href":"https:\/\/www.campogrande.ms.gov.br\/cgnoticias\/wp-json\/wp\/v2\/types\/sec-noticias"}],"author":[{"embeddable":true,"href":"https:\/\/www.campogrande.ms.gov.br\/cgnoticias\/wp-json\/wp\/v2\/users\/310"}],"version-history":[{"count":6,"href":"https:\/\/www.campogrande.ms.gov.br\/cgnoticias\/wp-json\/wp\/v2\/sec-noticias\/165400\/revisions"}],"predecessor-version":[{"id":165417,"href":"https:\/\/www.campogrande.ms.gov.br\/cgnoticias\/wp-json\/wp\/v2\/sec-noticias\/165400\/revisions\/165417"}],"wp:featuredmedia":[{"embeddable":true,"href":"https:\/\/www.campogrande.ms.gov.br\/cgnoticias\/wp-json\/wp\/v2\/media\/165401"}],"wp:attachment":[{"href":"https:\/\/www.campogrande.ms.gov.br\/cgnoticias\/wp-json\/wp\/v2\/media?parent=165400"}],"wp:term":[{"taxonomy":"category","embeddable":true,"href":"https:\/\/www.campogrande.ms.gov.br\/cgnoticias\/wp-json\/wp\/v2\/categories?post=165400"},{"taxonomy":"post_tag","embeddable":true,"href":"https:\/\/www.campogrande.ms.gov.br\/cgnoticias\/wp-json\/wp\/v2\/tags?post=165400"}],"curies":[{"name":"wp","href":"https:\/\/api.w.org\/{rel}","templated":true}]}}