{"id":165392,"date":"2026-07-14T14:29:57","date_gmt":"2026-07-14T18:29:57","guid":{"rendered":"https:\/\/www.campogrande.ms.gov.br\/cgnoticias\/?post_type=sec-noticias&#038;p=165392"},"modified":"2026-07-17T12:07:00","modified_gmt":"2026-07-17T16:07:00","slug":"novo-programa-liga-agricultura-familiar-ao-combate-a-fome","status":"publish","type":"sec-noticias","link":"https:\/\/www.campogrande.ms.gov.br\/cgnoticias\/noticia\/novo-programa-liga-agricultura-familiar-ao-combate-a-fome\/","title":{"rendered":"Novo programa liga agricultura familiar ao combate \u00e0 fome"},"content":{"rendered":"\n<p>Foi publicada na edi\u00e7\u00e3o extra do Diogrande desta ter\u00e7a-feira (14), o Plano Municipal de Aquisi\u00e7\u00e3o de Alimentos (PAA Municipal), que atender\u00e1 a popula\u00e7\u00e3o em situa\u00e7\u00e3o de vulnerabilidade atrav\u00e9s da compra de alimento produzidos pela agricultura familiar de Campo Grande e regi\u00e3o.<\/p>\n\n\n\n<p>O plano tem como principais finalidades promover o acesso \u00e0 alimenta\u00e7\u00e3o em quantidade, qualidade e regularidade a pessoas que vivem em situa\u00e7\u00e3o de inseguran\u00e7a alimentar e nutricional, al\u00e9m de fomentar a comercializa\u00e7\u00e3o e produ\u00e7\u00e3o agr\u00edcola familiar.<\/p>\n\n\n\n<p>\u201c\u00c9 um passo importante que damos hoje, beneficiando diferentes setores da comunidade e, principalmente, garantindo o sustento financeiro e alimenta\u00e7\u00e3o adequada a uma parcela da popula\u00e7\u00e3o local\u201d, comenta a prefeita Adriane Lopes.<\/p>\n\n\n\n<p>A aquisi\u00e7\u00e3o dos alimentos ser\u00e1 feita atrav\u00e9s de compra com doa\u00e7\u00e3o simult\u00e2nea, ou seja, todo e qualquer insumo adquirido j\u00e1 ter\u00e1 destino certo. \u201cEssa modalidade de compra est\u00e1 alinhada com as boas pr\u00e1ticas nacionais, assim, a produ\u00e7\u00e3o adquirida \u00e9 destinada imediatamente aos benefici\u00e1rios consumidores\u201d, completa a prefeita.<\/p>\n\n\n\n<p>Os alimentos ser\u00e3o destinados a fam\u00edlias em situa\u00e7\u00e3o de inseguran\u00e7a alimentar e nutricional, ao abastecimento socioassistencial, aos programas e a\u00e7\u00f5es de seguran\u00e7a alimentar, cozinhas solid\u00e1rias e, em caso de emerg\u00eancia ou calamidade p\u00fablica, para atendimento de suplementa\u00e7\u00e3o alimentar.<\/p>\n\n\n\n<p>Para al\u00e9m dos benefici\u00e1rios consumidores, o programa tamb\u00e9m ir\u00e1 atingir aos produtores familiares e cooperativas, que ter\u00e3o a garantia da comercializa\u00e7\u00e3o de suas produ\u00e7\u00f5es.<\/p>\n\n\n\n<p>\u201cO plano tamb\u00e9m passa a ser mais um fomento \u00e0 agricultura familiar, uma vez que \u00e9 dada a prioridade produ\u00e7\u00e3o sustent\u00e1vel e adotada a pr\u00e1tica de gera\u00e7\u00e3o de renda dentro do meio rural, atrav\u00e9s da utiliza\u00e7\u00e3o de valores praticados no com\u00e9rcio local\u201d, conclui o secret\u00e1rio municipal de Meio Ambiente, Gest\u00e3o Urbana e Desenvolvimento Econ\u00f4mico, Tur\u00edstico e Sustent\u00e1vel, Ademar Silva J\u00fanior.<\/p>\n","protected":false},"author":310,"featured_media":165395,"template":"","meta":{"custom_icon_class":"","footnotes":""},"categories":[80],"tags":[],"class_list":["post-165392","sec-noticias","type-sec-noticias","status-publish","has-post-thumbnail","hentry","category-agricultura-familiar"],"acf":[],"_links":{"self":[{"href":"https:\/\/www.campogrande.ms.gov.br\/cgnoticias\/wp-json\/wp\/v2\/sec-noticias\/165392"}],"collection":[{"href":"https:\/\/www.campogrande.ms.gov.br\/cgnoticias\/wp-json\/wp\/v2\/sec-noticias"}],"about":[{"href":"https:\/\/www.campogrande.ms.gov.br\/cgnoticias\/wp-json\/wp\/v2\/types\/sec-noticias"}],"author":[{"embeddable":true,"href":"https:\/\/www.campogrande.ms.gov.br\/cgnoticias\/wp-json\/wp\/v2\/users\/310"}],"version-history":[{"count":3,"href":"https:\/\/www.campogrande.ms.gov.br\/cgnoticias\/wp-json\/wp\/v2\/sec-noticias\/165392\/revisions"}],"predecessor-version":[{"id":165571,"href":"https:\/\/www.campogrande.ms.gov.br\/cgnoticias\/wp-json\/wp\/v2\/sec-noticias\/165392\/revisions\/165571"}],"wp:featuredmedia":[{"embeddable":true,"href":"https:\/\/www.campogrande.ms.gov.br\/cgnoticias\/wp-json\/wp\/v2\/media\/165395"}],"wp:attachment":[{"href":"https:\/\/www.campogrande.ms.gov.br\/cgnoticias\/wp-json\/wp\/v2\/media?parent=165392"}],"wp:term":[{"taxonomy":"category","embeddable":true,"href":"https:\/\/www.campogrande.ms.gov.br\/cgnoticias\/wp-json\/wp\/v2\/categories?post=165392"},{"taxonomy":"post_tag","embeddable":true,"href":"https:\/\/www.campogrande.ms.gov.br\/cgnoticias\/wp-json\/wp\/v2\/tags?post=165392"}],"curies":[{"name":"wp","href":"https:\/\/api.w.org\/{rel}","templated":true}]}}