{"id":161477,"date":"2026-05-07T14:05:48","date_gmt":"2026-05-07T18:05:48","guid":{"rendered":"https:\/\/www.campogrande.ms.gov.br\/cgnoticias\/?post_type=sec-noticias&#038;p=161477"},"modified":"2026-05-08T09:55:02","modified_gmt":"2026-05-08T13:55:02","slug":"acao-agro-social-e-adiada-para-30-de-maio-por-frio-e-chuva","status":"publish","type":"sec-noticias","link":"https:\/\/www.campogrande.ms.gov.br\/cgnoticias\/noticia\/acao-agro-social-e-adiada-para-30-de-maio-por-frio-e-chuva\/","title":{"rendered":"A\u00e7\u00e3o Agro Social \u00e9 adiada ap\u00f3s alerta da defesa civil"},"content":{"rendered":"\n<p>A Prefeitura de Campo Grande informa que a edi\u00e7\u00e3o da A\u00e7\u00e3o Agro Social, inicialmente prevista para este s\u00e1bado (09), foi transferida para o dia 30 de maio, mantendo o mesmo local e hor\u00e1rio: na Comunidade Negra Rural Quilombola Ch\u00e1cara do Buriti, das 8h \u00e0s 13h.<\/p>\n\n\n\n<p>A altera\u00e7\u00e3o da data ocorreu seguindo orienta\u00e7\u00e3o da Defesa Civil, em raz\u00e3o da previs\u00e3o de chuvas intensas para o final de semana, com possibilidade de ventos acima de 90 km\/h.<\/p>\n\n\n\n<p>A medida tem car\u00e1ter preventivo e visa garantir a seguran\u00e7a dos produtores rurais, equipes envolvidas e parceiros que participar\u00e3o da a\u00e7\u00e3o.<\/p>\n\n\n\n<p>Promovida pela Secretaria Municipal de Meio Ambiente, Gest\u00e3o Urbana e Desenvolvimento Econ\u00f4mico, Tur\u00edstico e Sustent\u00e1vel (Semades), a iniciativa re\u00fane atendimentos e servi\u00e7os voltados ao fortalecimento da agricultura familiar, al\u00e9m de a\u00e7\u00f5es nas \u00e1reas de sa\u00fade, assist\u00eancia social, orienta\u00e7\u00e3o jur\u00eddica e emiss\u00e3o de documentos.<\/p>\n\n\n\n<p>A Prefeitura refor\u00e7a que a programa\u00e7\u00e3o ser\u00e1 mantida integralmente na nova data.<\/p>\n","protected":false},"author":310,"featured_media":161478,"template":"","meta":{"custom_icon_class":"","footnotes":""},"categories":[],"tags":[],"class_list":["post-161477","sec-noticias","type-sec-noticias","status-publish","has-post-thumbnail","hentry"],"acf":[],"_links":{"self":[{"href":"https:\/\/www.campogrande.ms.gov.br\/cgnoticias\/wp-json\/wp\/v2\/sec-noticias\/161477"}],"collection":[{"href":"https:\/\/www.campogrande.ms.gov.br\/cgnoticias\/wp-json\/wp\/v2\/sec-noticias"}],"about":[{"href":"https:\/\/www.campogrande.ms.gov.br\/cgnoticias\/wp-json\/wp\/v2\/types\/sec-noticias"}],"author":[{"embeddable":true,"href":"https:\/\/www.campogrande.ms.gov.br\/cgnoticias\/wp-json\/wp\/v2\/users\/310"}],"version-history":[{"count":4,"href":"https:\/\/www.campogrande.ms.gov.br\/cgnoticias\/wp-json\/wp\/v2\/sec-noticias\/161477\/revisions"}],"predecessor-version":[{"id":161509,"href":"https:\/\/www.campogrande.ms.gov.br\/cgnoticias\/wp-json\/wp\/v2\/sec-noticias\/161477\/revisions\/161509"}],"wp:featuredmedia":[{"embeddable":true,"href":"https:\/\/www.campogrande.ms.gov.br\/cgnoticias\/wp-json\/wp\/v2\/media\/161478"}],"wp:attachment":[{"href":"https:\/\/www.campogrande.ms.gov.br\/cgnoticias\/wp-json\/wp\/v2\/media?parent=161477"}],"wp:term":[{"taxonomy":"category","embeddable":true,"href":"https:\/\/www.campogrande.ms.gov.br\/cgnoticias\/wp-json\/wp\/v2\/categories?post=161477"},{"taxonomy":"post_tag","embeddable":true,"href":"https:\/\/www.campogrande.ms.gov.br\/cgnoticias\/wp-json\/wp\/v2\/tags?post=161477"}],"curies":[{"name":"wp","href":"https:\/\/api.w.org\/{rel}","templated":true}]}}