{"id":161220,"date":"2026-05-05T13:52:00","date_gmt":"2026-05-05T17:52:00","guid":{"rendered":"https:\/\/www.campogrande.ms.gov.br\/cgnoticias\/?post_type=sec-noticias&#038;p=161220"},"modified":"2026-05-05T15:08:39","modified_gmt":"2026-05-05T19:08:39","slug":"com-rede-de-esgoto-drenagem-e-asfalto-itamaraca-comeca-a-viver-transformacao","status":"publish","type":"sec-noticias","link":"https:\/\/www.campogrande.ms.gov.br\/cgnoticias\/noticia\/com-rede-de-esgoto-drenagem-e-asfalto-itamaraca-comeca-a-viver-transformacao\/","title":{"rendered":"Com rede de esgoto, drenagem e asfalto, Itamarac\u00e1 vive transforma\u00e7\u00e3o"},"content":{"rendered":"\n<p>A Prefeitura de Campo Grande e o Governo do Estado iniciaram, nesta semana, as obras de drenagem, pavimenta\u00e7\u00e3o e implanta\u00e7\u00e3o da rede de esgoto no Jardim Itamarac\u00e1. Com investimento de R$ 19,9 milh\u00f5es, o projeto prev\u00ea asfaltamento em 12 ruas, al\u00e9m do recapeamento de vias estruturantes do bairro. A execu\u00e7\u00e3o \u00e9 realizada de forma integrada com a \u00c1guas Guariroba para garantir que a rede de saneamento seja instalada antes da pavimenta\u00e7\u00e3o, evitando cortes futuros no asfalto novo.<\/p>\n\n\n\n<figure class=\"wp-block-image size-large\"><img fetchpriority=\"high\" decoding=\"async\" width=\"1024\" height=\"682\" src=\"https:\/\/cdn.campogrande.ms.gov.br\/portal\/prod\/uploads\/sites\/3\/2026\/05\/WhatsApp-Image-2026-05-05-at-10.39.26-1-1024x682.jpeg\" alt=\"\" class=\"wp-image-161240\" srcset=\"https:\/\/cdn.campogrande.ms.gov.br\/portal\/prod\/uploads\/sites\/3\/2026\/05\/WhatsApp-Image-2026-05-05-at-10.39.26-1-1024x682.jpeg 1024w, https:\/\/cdn.campogrande.ms.gov.br\/portal\/prod\/uploads\/sites\/3\/2026\/05\/WhatsApp-Image-2026-05-05-at-10.39.26-1-300x200.jpeg 300w, https:\/\/cdn.campogrande.ms.gov.br\/portal\/prod\/uploads\/sites\/3\/2026\/05\/WhatsApp-Image-2026-05-05-at-10.39.26-1-768x512.jpeg 768w, https:\/\/cdn.campogrande.ms.gov.br\/portal\/prod\/uploads\/sites\/3\/2026\/05\/WhatsApp-Image-2026-05-05-at-10.39.26-1.jpeg 1280w\" sizes=\"(max-width: 1024px) 100vw, 1024px\" \/><\/figure>\n\n\n\n<p><strong>Planejamento e Execu\u00e7\u00e3o<\/strong><br>O diferencial da interven\u00e7\u00e3o no bairro \u00e9 a sincronia entre as frentes de trabalho: antes da aplica\u00e7\u00e3o da massa asf\u00e1ltica, a concession\u00e1ria de \u00e1guas faz a instala\u00e7\u00e3o da rede de esgoto para evitar cortes futuros no pavimento novo. A administra\u00e7\u00e3o municipal foi respons\u00e1vel pela elabora\u00e7\u00e3o do projeto t\u00e9cnico e pelo licenciamento ambiental, enquanto a execu\u00e7\u00e3o e licita\u00e7\u00e3o ficaram a cargo da Ag\u00eancia Estadual de Gest\u00e3o de Empreendimentos (Agesul).<\/p>\n\n\n\n<figure class=\"wp-block-image size-large\"><img decoding=\"async\" width=\"1024\" height=\"682\" src=\"https:\/\/cdn.campogrande.ms.gov.br\/portal\/prod\/uploads\/sites\/3\/2026\/05\/WhatsApp-Image-2026-05-05-at-10.38.24-1-1024x682.jpeg\" alt=\"\" class=\"wp-image-161243\" srcset=\"https:\/\/cdn.campogrande.ms.gov.br\/portal\/prod\/uploads\/sites\/3\/2026\/05\/WhatsApp-Image-2026-05-05-at-10.38.24-1-1024x682.jpeg 1024w, https:\/\/cdn.campogrande.ms.gov.br\/portal\/prod\/uploads\/sites\/3\/2026\/05\/WhatsApp-Image-2026-05-05-at-10.38.24-1-300x200.jpeg 300w, https:\/\/cdn.campogrande.ms.gov.br\/portal\/prod\/uploads\/sites\/3\/2026\/05\/WhatsApp-Image-2026-05-05-at-10.38.24-1-768x512.jpeg 768w, https:\/\/cdn.campogrande.ms.gov.br\/portal\/prod\/uploads\/sites\/3\/2026\/05\/WhatsApp-Image-2026-05-05-at-10.38.24-1.jpeg 1280w\" sizes=\"(max-width: 1024px) 100vw, 1024px\" \/><\/figure>\n\n\n\n<p><br>&#8220;H\u00e1 bairros que aguardam h\u00e1 quatro ou cinco d\u00e9cadas por infraestrutura. Fizemos o dever de casa. Com responsabilidade e parcerias, conseguimos avan\u00e7ar&#8221;, destacou a prefeita Adriane Lopes.<\/p>\n\n\n\n<p><strong>Impacto na Comunidade<\/strong><br>A chegada das m\u00e1quinas encerra d\u00e9cadas de espera por parte dos moradores. Noel Benedito de Godoy, que vive na regi\u00e3o h\u00e1 37 anos, relata que a rotina era marcada por poeira e barro. \u201cForam muitos anos de espera. \u00c9 algo simples, mas que faz diferen\u00e7a no dia a dia e traz mais tranquilidade\u201d, disse.<\/p>\n\n\n\n<figure class=\"wp-block-image size-large\"><img decoding=\"async\" width=\"1024\" height=\"682\" src=\"https:\/\/cdn.campogrande.ms.gov.br\/portal\/prod\/uploads\/sites\/3\/2026\/05\/WhatsApp-Image-2026-05-05-at-10.40.26-1024x682.jpeg\" alt=\"\" class=\"wp-image-161261\" srcset=\"https:\/\/cdn.campogrande.ms.gov.br\/portal\/prod\/uploads\/sites\/3\/2026\/05\/WhatsApp-Image-2026-05-05-at-10.40.26-1024x682.jpeg 1024w, https:\/\/cdn.campogrande.ms.gov.br\/portal\/prod\/uploads\/sites\/3\/2026\/05\/WhatsApp-Image-2026-05-05-at-10.40.26-300x200.jpeg 300w, https:\/\/cdn.campogrande.ms.gov.br\/portal\/prod\/uploads\/sites\/3\/2026\/05\/WhatsApp-Image-2026-05-05-at-10.40.26-768x512.jpeg 768w, https:\/\/cdn.campogrande.ms.gov.br\/portal\/prod\/uploads\/sites\/3\/2026\/05\/WhatsApp-Image-2026-05-05-at-10.40.26.jpeg 1280w\" sizes=\"(max-width: 1024px) 100vw, 1024px\" \/><\/figure>\n\n\n\n<p><br>A mesma sensa\u00e7\u00e3o de al\u00edvio \u00e9 compartilhada por Am\u00e9lia Valindo da Silva, residente no bairro desde 1994. \u201cRepresenta muita coisa boa. Aqui era s\u00f3 lama, e hoje a gente j\u00e1 v\u00ea asfalto, mais conforto e dignidade\u201d, comemorou.<\/p>\n\n\n\n<figure class=\"wp-block-image size-large\"><img loading=\"lazy\" decoding=\"async\" width=\"1024\" height=\"682\" src=\"https:\/\/cdn.campogrande.ms.gov.br\/portal\/prod\/uploads\/sites\/3\/2026\/05\/WhatsApp-Image-2026-05-05-at-10.40.27-1024x682.jpeg\" alt=\"\" class=\"wp-image-161244\" srcset=\"https:\/\/cdn.campogrande.ms.gov.br\/portal\/prod\/uploads\/sites\/3\/2026\/05\/WhatsApp-Image-2026-05-05-at-10.40.27-1024x682.jpeg 1024w, https:\/\/cdn.campogrande.ms.gov.br\/portal\/prod\/uploads\/sites\/3\/2026\/05\/WhatsApp-Image-2026-05-05-at-10.40.27-300x200.jpeg 300w, https:\/\/cdn.campogrande.ms.gov.br\/portal\/prod\/uploads\/sites\/3\/2026\/05\/WhatsApp-Image-2026-05-05-at-10.40.27-768x512.jpeg 768w, https:\/\/cdn.campogrande.ms.gov.br\/portal\/prod\/uploads\/sites\/3\/2026\/05\/WhatsApp-Image-2026-05-05-at-10.40.27.jpeg 1280w\" sizes=\"(max-width: 1024px) 100vw, 1024px\" \/><\/figure>\n\n\n\n<p> J\u00e1 Jo\u00e3o Ara\u00fajo, de 78 anos, enfatiza a melhoria na sa\u00fade local: \u201cDurante muito tempo a poeira fazia parte da rotina. Agora \u00e9 uma nova fase\u201d.<\/p>\n\n\n\n<p><strong>Vias Beneficiadas<\/strong><br>As interven\u00e7\u00f5es contemplam asfalto novo em ruas como Graciana Maria do Ros\u00e1rio, Joana Maria de Souza, Georgina Pereira Barbosa, Naor Lemes Barbosa, Sizuo Nakazato, Kama Nakazato, Nair Alves e Castro, R\u00f4mulo Cappi, Deocleciano Dias Bagage, Joaquim B. de Almeida, Taro Nakazato e Amabile Tanarche Cappi.<br>Al\u00e9m disso, trechos das avenidas Ana Batista Caminha, Tr\u00eas Barras e da Rua Padre Mussa Tuma passar\u00e3o por recapeamento e reconstru\u00e7\u00e3o. <\/p>\n\n\n\n<figure class=\"wp-block-image size-large\"><img loading=\"lazy\" decoding=\"async\" width=\"1024\" height=\"682\" src=\"https:\/\/cdn.campogrande.ms.gov.br\/portal\/prod\/uploads\/sites\/3\/2026\/05\/WhatsApp-Image-2026-05-05-at-10.38.30-1-1024x682.jpeg\" alt=\"\" class=\"wp-image-161248\" srcset=\"https:\/\/cdn.campogrande.ms.gov.br\/portal\/prod\/uploads\/sites\/3\/2026\/05\/WhatsApp-Image-2026-05-05-at-10.38.30-1-1024x682.jpeg 1024w, https:\/\/cdn.campogrande.ms.gov.br\/portal\/prod\/uploads\/sites\/3\/2026\/05\/WhatsApp-Image-2026-05-05-at-10.38.30-1-300x200.jpeg 300w, https:\/\/cdn.campogrande.ms.gov.br\/portal\/prod\/uploads\/sites\/3\/2026\/05\/WhatsApp-Image-2026-05-05-at-10.38.30-1-768x512.jpeg 768w, https:\/\/cdn.campogrande.ms.gov.br\/portal\/prod\/uploads\/sites\/3\/2026\/05\/WhatsApp-Image-2026-05-05-at-10.38.30-1.jpeg 1280w\" sizes=\"(max-width: 1024px) 100vw, 1024px\" \/><\/figure>\n\n\n\n<p>A rede de esgoto est\u00e1 sendo implantada prioritariamente nas ruas Naor Lemes Barbosa, Padre Mussa Tuma, Aziz Nachif, Georgina Pereira Barbosa, Joana Maria de Souza, Joaquim Barbosa de Almeida e Eng. Milton Loureiro.<br><em><br>#ParaTodosVerem: As fotos s\u00e3o das equipes em momento de execu\u00e7\u00e3o da aplica\u00e7\u00e3o do asfalto na ruas do Jardim Itamarac\u00e1 e de dois personagens entrevistados.<\/em><\/p>\n\n\n\n<p><\/p>\n","protected":false},"author":310,"featured_media":161239,"template":"","meta":{"custom_icon_class":"","footnotes":""},"categories":[127],"tags":[],"class_list":["post-161220","sec-noticias","type-sec-noticias","status-publish","has-post-thumbnail","hentry","category-infraestrutura"],"acf":[],"_links":{"self":[{"href":"https:\/\/www.campogrande.ms.gov.br\/cgnoticias\/wp-json\/wp\/v2\/sec-noticias\/161220"}],"collection":[{"href":"https:\/\/www.campogrande.ms.gov.br\/cgnoticias\/wp-json\/wp\/v2\/sec-noticias"}],"about":[{"href":"https:\/\/www.campogrande.ms.gov.br\/cgnoticias\/wp-json\/wp\/v2\/types\/sec-noticias"}],"author":[{"embeddable":true,"href":"https:\/\/www.campogrande.ms.gov.br\/cgnoticias\/wp-json\/wp\/v2\/users\/310"}],"version-history":[{"count":10,"href":"https:\/\/www.campogrande.ms.gov.br\/cgnoticias\/wp-json\/wp\/v2\/sec-noticias\/161220\/revisions"}],"predecessor-version":[{"id":161275,"href":"https:\/\/www.campogrande.ms.gov.br\/cgnoticias\/wp-json\/wp\/v2\/sec-noticias\/161220\/revisions\/161275"}],"wp:featuredmedia":[{"embeddable":true,"href":"https:\/\/www.campogrande.ms.gov.br\/cgnoticias\/wp-json\/wp\/v2\/media\/161239"}],"wp:attachment":[{"href":"https:\/\/www.campogrande.ms.gov.br\/cgnoticias\/wp-json\/wp\/v2\/media?parent=161220"}],"wp:term":[{"taxonomy":"category","embeddable":true,"href":"https:\/\/www.campogrande.ms.gov.br\/cgnoticias\/wp-json\/wp\/v2\/categories?post=161220"},{"taxonomy":"post_tag","embeddable":true,"href":"https:\/\/www.campogrande.ms.gov.br\/cgnoticias\/wp-json\/wp\/v2\/tags?post=161220"}],"curies":[{"name":"wp","href":"https:\/\/api.w.org\/{rel}","templated":true}]}}