{"id":161087,"date":"2026-05-08T08:10:00","date_gmt":"2026-05-08T12:10:00","guid":{"rendered":"https:\/\/www.campogrande.ms.gov.br\/cgnoticias\/?post_type=sec-noticias&#038;p=161087"},"modified":"2026-05-06T13:49:42","modified_gmt":"2026-05-06T17:49:42","slug":"espetaculo-de-danca-corpo-sobre-penas-estreia-hoje","status":"publish","type":"sec-noticias","link":"https:\/\/www.campogrande.ms.gov.br\/cgnoticias\/noticia\/espetaculo-de-danca-corpo-sobre-penas-estreia-hoje\/","title":{"rendered":"Espet\u00e1culo de dan\u00e7a \u201cCorpo Sobre Penas\u201d estreia hoje"},"content":{"rendered":"\n<p>A performance de dan\u00e7a <em>Corpo Sobre Penas<\/em>, do artista sul-mato-grossense Halisson Nunes, estreia nesta sexta (8) e s\u00e1bado (9), \u00e0s 19h30, com sess\u00e3o extra no domingo (10), \u00e0s 19h, no Hotel Gaspar, em Campo Grande. A entrada \u00e9 gratuita, mediante doa\u00e7\u00e3o de 1 kg de alimento n\u00e3o perec\u00edvel ou item de higiene, destinados \u00e0 CUFA.<\/p>\n\n\n\n<p>Com dire\u00e7\u00e3o de Fernando Martins (SP), o espet\u00e1culo prop\u00f5e uma experi\u00eancia sensorial que cruza dan\u00e7a, artes visuais e literatura para refletir sobre a seca e a lentid\u00e3o como met\u00e1foras da vida contempor\u00e2nea. Em cena, um corpo em transforma\u00e7\u00e3o lida com aus\u00eancia, resist\u00eancia e reinven\u00e7\u00e3o, construindo-se no tempo e no espa\u00e7o.<\/p>\n\n\n\n<p>Com dura\u00e7\u00e3o de 40 minutos e classifica\u00e7\u00e3o livre, a obra investiga um corpo que n\u00e3o representa, mas resiste \u2014 reorganizando-se diante da escassez e propondo a lentid\u00e3o como gesto de di\u00e1logo com o p\u00fablico.<\/p>\n\n\n\n<figure class=\"wp-block-image  has-caption size-full\"><img fetchpriority=\"high\" decoding=\"async\" width=\"780\" height=\"520\" src=\"https:\/\/cdn.campogrande.ms.gov.br\/portal\/prod\/uploads\/sites\/3\/2026\/05\/IMG_6348.JPG.jpeg\" alt=\"\" class=\"wp-image-161364\" srcset=\"https:\/\/cdn.campogrande.ms.gov.br\/portal\/prod\/uploads\/sites\/3\/2026\/05\/IMG_6348.JPG.jpeg 780w, https:\/\/cdn.campogrande.ms.gov.br\/portal\/prod\/uploads\/sites\/3\/2026\/05\/IMG_6348.JPG-300x200.jpeg 300w, https:\/\/cdn.campogrande.ms.gov.br\/portal\/prod\/uploads\/sites\/3\/2026\/05\/IMG_6348.JPG-768x512.jpeg 768w\" sizes=\"(max-width: 780px) 100vw, 780px\" \/><figcaption class=\"wp-element-caption\">Processed with VSCO with  preset<\/figcaption><\/figure>\n\n\n\n<p>A trilha sonora, assinada por Fernando Martins, atua como elemento dramat\u00fargico, interferindo diretamente no ritmo e nas decis\u00f5es da cena. O trabalho tamb\u00e9m \u00e9 atravessado, de forma sutil, pelas pesquisas \u201cBrain Diving\u201d e \u201cDieta Aranha\u201d, que exploram o corpo como campo de for\u00e7as, percep\u00e7\u00e3o e cria\u00e7\u00e3o.<\/p>\n\n\n\n<p>O espet\u00e1culo ocupa o Hotel Gaspar, espa\u00e7o hist\u00f3rico inaugurado na d\u00e9cada de 1950, que j\u00e1 funcionou como ponto de chegada e partida na cidade. Hoje desativado, o local reabre pontualmente para receber o projeto, ampliando o di\u00e1logo entre mem\u00f3ria, deslocamento e arte.<\/p>\n\n\n\n<p>O projeto integra \u201cCorpo Fantasma \u2013 Prot\u00f3tipo A\u201d e conta com financiamento do FMIC, por meio da Fundac.<\/p>\n\n\n\n<p><strong>Servi\u00e7o<\/strong><br>Local: Hotel Gaspar (Av. Mato Grosso, n\u00ba 2 \u2013 Centro)<br>Datas: sexta (8) e s\u00e1bado (9), \u00e0s 19h30; domingo (10), \u00e0s 19h<br>Entrada gratuita (mediante doa\u00e7\u00e3o)<\/p>\n\n\n\n<figure class=\"wp-block-image size-full\"><img decoding=\"async\" width=\"723\" height=\"905\" src=\"https:\/\/cdn.campogrande.ms.gov.br\/portal\/prod\/uploads\/sites\/3\/2026\/05\/espetaculo_cartaz.png\" alt=\"\" class=\"wp-image-161362\" srcset=\"https:\/\/cdn.campogrande.ms.gov.br\/portal\/prod\/uploads\/sites\/3\/2026\/05\/espetaculo_cartaz.png 723w, https:\/\/cdn.campogrande.ms.gov.br\/portal\/prod\/uploads\/sites\/3\/2026\/05\/espetaculo_cartaz-240x300.png 240w\" sizes=\"(max-width: 723px) 100vw, 723px\" \/><\/figure>\n","protected":false},"author":310,"featured_media":161088,"template":"","meta":{"custom_icon_class":"","footnotes":""},"categories":[18],"tags":[],"class_list":["post-161087","sec-noticias","type-sec-noticias","status-publish","has-post-thumbnail","hentry","category-cultura"],"acf":[],"_links":{"self":[{"href":"https:\/\/www.campogrande.ms.gov.br\/cgnoticias\/wp-json\/wp\/v2\/sec-noticias\/161087"}],"collection":[{"href":"https:\/\/www.campogrande.ms.gov.br\/cgnoticias\/wp-json\/wp\/v2\/sec-noticias"}],"about":[{"href":"https:\/\/www.campogrande.ms.gov.br\/cgnoticias\/wp-json\/wp\/v2\/types\/sec-noticias"}],"author":[{"embeddable":true,"href":"https:\/\/www.campogrande.ms.gov.br\/cgnoticias\/wp-json\/wp\/v2\/users\/310"}],"version-history":[{"count":4,"href":"https:\/\/www.campogrande.ms.gov.br\/cgnoticias\/wp-json\/wp\/v2\/sec-noticias\/161087\/revisions"}],"predecessor-version":[{"id":161365,"href":"https:\/\/www.campogrande.ms.gov.br\/cgnoticias\/wp-json\/wp\/v2\/sec-noticias\/161087\/revisions\/161365"}],"wp:featuredmedia":[{"embeddable":true,"href":"https:\/\/www.campogrande.ms.gov.br\/cgnoticias\/wp-json\/wp\/v2\/media\/161088"}],"wp:attachment":[{"href":"https:\/\/www.campogrande.ms.gov.br\/cgnoticias\/wp-json\/wp\/v2\/media?parent=161087"}],"wp:term":[{"taxonomy":"category","embeddable":true,"href":"https:\/\/www.campogrande.ms.gov.br\/cgnoticias\/wp-json\/wp\/v2\/categories?post=161087"},{"taxonomy":"post_tag","embeddable":true,"href":"https:\/\/www.campogrande.ms.gov.br\/cgnoticias\/wp-json\/wp\/v2\/tags?post=161087"}],"curies":[{"name":"wp","href":"https:\/\/api.w.org\/{rel}","templated":true}]}}