{"id":158264,"date":"2026-03-16T17:03:18","date_gmt":"2026-03-16T21:03:18","guid":{"rendered":"https:\/\/www.campogrande.ms.gov.br\/cgnoticias\/?post_type=sec-noticias&#038;p=158264"},"modified":"2026-03-17T17:40:46","modified_gmt":"2026-03-17T21:40:46","slug":"reme-avalia-peso-e-altura-de-alunos-para-monitorar-saude","status":"publish","type":"sec-noticias","link":"https:\/\/www.campogrande.ms.gov.br\/cgnoticias\/noticia\/reme-avalia-peso-e-altura-de-alunos-para-monitorar-saude\/","title":{"rendered":"Reme avalia peso e altura de alunos para monitorar sa\u00fade\u00a0"},"content":{"rendered":"\n<p>A Prefeitura de Campo Grande est\u00e1 realizando&nbsp;avalia\u00e7\u00f5es antropom\u00e9tricas&nbsp;em estudantes da Rede Municipal de Ensino (REME) para acompanhar o crescimento e o estado nutricional das crian\u00e7as e adolescentes. A a\u00e7\u00e3o, coordenada pela Secretaria Municipal de Educa\u00e7\u00e3o (Semed), mede&nbsp;peso e altura dos alunos&nbsp;e ajuda a identificar precocemente poss\u00edveis riscos relacionados \u00e0 alimenta\u00e7\u00e3o e ao desenvolvimento.&nbsp;<\/p>\n\n\n\n<p>Na manh\u00e3 desta segunda-feira (16), a atividade foi realizada na&nbsp;Escola Municipal Jo\u00e3o Evangelista, onde alunos de&nbsp;21 turmas&nbsp;passaram pela avalia\u00e7\u00e3o. O trabalho faz parte de um levantamento que est\u00e1 sendo realizado em diferentes unidades da rede.&nbsp;<\/p>\n\n\n\n<p>\u201cNossa preocupa\u00e7\u00e3o com os alunos n\u00e3o deve ser somente se eles est\u00e3o indo bem ou n\u00e3o em sala de aula, at\u00e9 porque, em muitos casos, os resultados abaixo do esperado tamb\u00e9m est\u00e3o relacionados&nbsp;a uma alimenta\u00e7\u00e3o que n\u00e3o est\u00e1 suprindo \u00e0s necessidades da crian\u00e7a\u201d, comenta a Prefeita Adriane Lopes.&nbsp;<\/p>\n\n\n\n<p>A coleta de dados \u00e9 conduzida por&nbsp;nutricionistas da Superintend\u00eancia de Alimenta\u00e7\u00e3o Escolar (SUALE), com apoio de estagi\u00e1rios de Nutri\u00e7\u00e3o da&nbsp;Universidade Cat\u00f3lica Dom Bosco (UCDB)&nbsp;e da&nbsp;Uniasselvi.&nbsp;<\/p>\n\n\n\n<p>Com as informa\u00e7\u00f5es obtidas, as equipes t\u00e9cnicas conseguem acompanhar indicadores de crescimento e planejar a\u00e7\u00f5es voltadas \u00e0&nbsp;alimenta\u00e7\u00e3o saud\u00e1vel e ao bem-estar dos estudantes. Os dados tamb\u00e9m ajudam a aprimorar o card\u00e1pio da merenda escolar, garantindo que ele atenda \u00e0s necessidades nutricionais dos alunos.&nbsp;<\/p>\n\n\n\n<p>Al\u00e9m de contribuir para o acompanhamento do desenvolvimento f\u00edsico dos estudantes, a a\u00e7\u00e3o tamb\u00e9m fortalece o trabalho de educa\u00e7\u00e3o alimentar e nutricional desenvolvido nas escolas, incentivando h\u00e1bitos alimentares saud\u00e1veis desde a inf\u00e2ncia.&nbsp;<\/p>\n\n\n\n<p><em>#ParaTodosVerem: A imagem mostra um aluno passando pela avalia\u00e7\u00e3o antropom\u00e9trica<\/em><\/p>\n","protected":false},"author":310,"featured_media":158265,"template":"","meta":{"custom_icon_class":"","footnotes":""},"categories":[],"tags":[],"class_list":["post-158264","sec-noticias","type-sec-noticias","status-publish","has-post-thumbnail","hentry"],"acf":[],"_links":{"self":[{"href":"https:\/\/www.campogrande.ms.gov.br\/cgnoticias\/wp-json\/wp\/v2\/sec-noticias\/158264"}],"collection":[{"href":"https:\/\/www.campogrande.ms.gov.br\/cgnoticias\/wp-json\/wp\/v2\/sec-noticias"}],"about":[{"href":"https:\/\/www.campogrande.ms.gov.br\/cgnoticias\/wp-json\/wp\/v2\/types\/sec-noticias"}],"author":[{"embeddable":true,"href":"https:\/\/www.campogrande.ms.gov.br\/cgnoticias\/wp-json\/wp\/v2\/users\/310"}],"version-history":[{"count":2,"href":"https:\/\/www.campogrande.ms.gov.br\/cgnoticias\/wp-json\/wp\/v2\/sec-noticias\/158264\/revisions"}],"predecessor-version":[{"id":158311,"href":"https:\/\/www.campogrande.ms.gov.br\/cgnoticias\/wp-json\/wp\/v2\/sec-noticias\/158264\/revisions\/158311"}],"wp:featuredmedia":[{"embeddable":true,"href":"https:\/\/www.campogrande.ms.gov.br\/cgnoticias\/wp-json\/wp\/v2\/media\/158265"}],"wp:attachment":[{"href":"https:\/\/www.campogrande.ms.gov.br\/cgnoticias\/wp-json\/wp\/v2\/media?parent=158264"}],"wp:term":[{"taxonomy":"category","embeddable":true,"href":"https:\/\/www.campogrande.ms.gov.br\/cgnoticias\/wp-json\/wp\/v2\/categories?post=158264"},{"taxonomy":"post_tag","embeddable":true,"href":"https:\/\/www.campogrande.ms.gov.br\/cgnoticias\/wp-json\/wp\/v2\/tags?post=158264"}],"curies":[{"name":"wp","href":"https:\/\/api.w.org\/{rel}","templated":true}]}}