{"id":156128,"date":"2026-01-30T14:14:49","date_gmt":"2026-01-30T18:14:49","guid":{"rendered":"https:\/\/www.campogrande.ms.gov.br\/cgnoticias\/?post_type=sec-noticias&#038;p=156128"},"modified":"2026-01-30T14:25:13","modified_gmt":"2026-01-30T18:25:13","slug":"gcm-deflagra-operacao-ferro-velho-2026","status":"publish","type":"sec-noticias","link":"https:\/\/www.campogrande.ms.gov.br\/cgnoticias\/noticia\/gcm-deflagra-operacao-ferro-velho-2026\/","title":{"rendered":"GCM deflagra Opera\u00e7\u00e3o Ferro-Velho 2026"},"content":{"rendered":"\n<p>A Guarda Civil Metropolitana (GCM) realizou, entre os dias 29 e 30 de janeiro de 2026, a Opera\u00e7\u00e3o Ferro-Velho, com a\u00e7\u00f5es de fiscaliza\u00e7\u00e3o nas regi\u00f5es do Prosa, Centro e Anhanduizinho, em Campo Grande. A iniciativa integra o planejamento estrat\u00e9gico da corpora\u00e7\u00e3o para este ano e tem como principal objetivo inibir a comercializa\u00e7\u00e3o ilegal de materiais oriundos de furto ou roubo, especialmente fia\u00e7\u00e3o el\u00e9trica e cobre.<\/p>\n\n\n\n<p>A opera\u00e7\u00e3o foi executada com o emprego de 36 guardas civis metropolitanos, nove viaturas de quatro rodas e dez viaturas de duas rodas, resultando na fiscaliza\u00e7\u00e3o de 13 estabelecimentos comerciais do ramo de compra e venda de materiais recicl\u00e1veis.<\/p>\n\n\n\n<figure class=\"wp-block-image size-large\"><img fetchpriority=\"high\" decoding=\"async\" width=\"1024\" height=\"682\" src=\"https:\/\/cdn.campogrande.ms.gov.br\/portal\/prod\/uploads\/sites\/3\/2026\/01\/WhatsApp-Image-2026-01-29-at-17.54.50-1-1024x682.jpeg\" alt=\"\" class=\"wp-image-156135\" srcset=\"https:\/\/cdn.campogrande.ms.gov.br\/portal\/prod\/uploads\/sites\/3\/2026\/01\/WhatsApp-Image-2026-01-29-at-17.54.50-1-1024x682.jpeg 1024w, https:\/\/cdn.campogrande.ms.gov.br\/portal\/prod\/uploads\/sites\/3\/2026\/01\/WhatsApp-Image-2026-01-29-at-17.54.50-1-300x200.jpeg 300w, https:\/\/cdn.campogrande.ms.gov.br\/portal\/prod\/uploads\/sites\/3\/2026\/01\/WhatsApp-Image-2026-01-29-at-17.54.50-1-768x512.jpeg 768w, https:\/\/cdn.campogrande.ms.gov.br\/portal\/prod\/uploads\/sites\/3\/2026\/01\/WhatsApp-Image-2026-01-29-at-17.54.50-1.jpeg 1280w\" sizes=\"(max-width: 1024px) 100vw, 1024px\" \/><\/figure>\n\n\n\n<p>Segundo o secret\u00e1rio especial de Seguran\u00e7a e Defesa Social, Anderson Gonzaga, as opera\u00e7\u00f5es ferro-velho s\u00e3o prioridade da GCM em 2026 e ser\u00e3o intensificadas ao longo do ano em todas as regi\u00f5es da Capital. \u201cNeste ano de 2026 fizemos um planejamento das opera\u00e7\u00f5es da Guarda Civil Metropolitana e como prioridade, temos as opera\u00e7\u00f5es ferro-velho. Vamos intensificar ainda mais essa fiscaliza\u00e7\u00e3o para inibir a comercializa\u00e7\u00e3o ilegal de produtos oriundos de furto ou roubo, principalmente no combate ao furto e \u00e0 venda ilegal de fia\u00e7\u00e3o el\u00e9trica e cobre\u201d, destacou o secret\u00e1rio.<\/p>\n\n\n\n<p>Gonzaga ressaltou ainda que a atua\u00e7\u00e3o da GCM vai al\u00e9m da repress\u00e3o criminal, abrangendo tamb\u00e9m a fiscaliza\u00e7\u00e3o administrativa dos estabelecimentos. \u201cAproveitamos essas a\u00e7\u00f5es para fiscalizar alvar\u00e1 de funcionamento e toda a documenta\u00e7\u00e3o dos com\u00e9rcios. Os produtos precisam ter proced\u00eancia comprovada, tanto na compra quanto na venda. Caso contr\u00e1rio, o propriet\u00e1rio pode responder criminalmente por recepta\u00e7\u00e3o e tamb\u00e9m administrativamente, com multas que podem chegar a R$ 10 mil, al\u00e9m da interdi\u00e7\u00e3o do estabelecimento\u201d, explicou.<\/p>\n\n\n\n<p>Durante a fiscaliza\u00e7\u00e3o em um estabelecimento localizado na regi\u00e3o central, foi encontrada uma bicicleta sem identifica\u00e7\u00e3o de propriedade. Diante da situa\u00e7\u00e3o, o objeto foi recolhido e encaminhado \u00e0 DEPAC\/CEPOL pela equipe da ROMU, para as provid\u00eancias cab\u00edveis. Ao todo, foram emitidas cinco notifica\u00e7\u00f5es administrativas, por aus\u00eancia de livro de registro obrigat\u00f3rio. N\u00e3o houve encaminhamentos \u00e0 delegacia.<\/p>\n\n\n\n<figure class=\"wp-block-image size-large\"><img decoding=\"async\" width=\"1024\" height=\"682\" src=\"https:\/\/cdn.campogrande.ms.gov.br\/portal\/prod\/uploads\/sites\/3\/2026\/01\/WhatsApp-Image-2026-01-29-at-17.54.25-1024x682.jpeg\" alt=\"\" class=\"wp-image-156137\" srcset=\"https:\/\/cdn.campogrande.ms.gov.br\/portal\/prod\/uploads\/sites\/3\/2026\/01\/WhatsApp-Image-2026-01-29-at-17.54.25-1024x682.jpeg 1024w, https:\/\/cdn.campogrande.ms.gov.br\/portal\/prod\/uploads\/sites\/3\/2026\/01\/WhatsApp-Image-2026-01-29-at-17.54.25-300x200.jpeg 300w, https:\/\/cdn.campogrande.ms.gov.br\/portal\/prod\/uploads\/sites\/3\/2026\/01\/WhatsApp-Image-2026-01-29-at-17.54.25-768x512.jpeg 768w, https:\/\/cdn.campogrande.ms.gov.br\/portal\/prod\/uploads\/sites\/3\/2026\/01\/WhatsApp-Image-2026-01-29-at-17.54.25.jpeg 1280w\" sizes=\"(max-width: 1024px) 100vw, 1024px\" \/><\/figure>\n\n\n\n<p>O subcomandante da GCM, Alexandre Pedroso, destacou a import\u00e2ncia da opera\u00e7\u00e3o no enfrentamento de crimes que causam preju\u00edzos diretos \u00e0 popula\u00e7\u00e3o. \u201cA Guarda Civil Metropolitana tem desencadeado opera\u00e7\u00f5es ferro-velho nas sete regi\u00f5es urbanas com o intuito de fiscalizar os com\u00e9rcios que compram produtos recicl\u00e1veis, como cobre e ferro, que muitas vezes s\u00e3o oriundos de furtos de fia\u00e7\u00e3o el\u00e9trica, tampas de bueiro e sistemas de ilumina\u00e7\u00e3o. Esses crimes trazem preju\u00edzos para toda a comunidade. Quando \u00e9 constatado material de origem criminosa, o respons\u00e1vel \u00e9 devidamente encaminhado, e todas as medidas judiciais s\u00e3o adotadas\u201d, pontuou.<\/p>\n\n\n\n<p>O subcomandante refor\u00e7ou ainda que as a\u00e7\u00f5es s\u00e3o cont\u00ednuas e contam com o apoio da popula\u00e7\u00e3o. \u201cAs opera\u00e7\u00f5es tendem a continuar em todas as regi\u00f5es da cidade. A popula\u00e7\u00e3o pode acionar a Guarda Civil Metropolitana pelo telefone 153, onde todas as den\u00fancias s\u00e3o recebidas e encaminhadas \u00e0s equipes de campo para as devidas averigua\u00e7\u00f5es\u201d, finalizou.<\/p>\n\n\n\n<figure class=\"wp-block-image size-large\"><img decoding=\"async\" width=\"1024\" height=\"682\" src=\"https:\/\/cdn.campogrande.ms.gov.br\/portal\/prod\/uploads\/sites\/3\/2026\/01\/WhatsApp-Image-2026-01-29-at-17.54.50-1024x682.jpeg\" alt=\"\" class=\"wp-image-156140\" srcset=\"https:\/\/cdn.campogrande.ms.gov.br\/portal\/prod\/uploads\/sites\/3\/2026\/01\/WhatsApp-Image-2026-01-29-at-17.54.50-1024x682.jpeg 1024w, https:\/\/cdn.campogrande.ms.gov.br\/portal\/prod\/uploads\/sites\/3\/2026\/01\/WhatsApp-Image-2026-01-29-at-17.54.50-300x200.jpeg 300w, https:\/\/cdn.campogrande.ms.gov.br\/portal\/prod\/uploads\/sites\/3\/2026\/01\/WhatsApp-Image-2026-01-29-at-17.54.50-768x512.jpeg 768w, https:\/\/cdn.campogrande.ms.gov.br\/portal\/prod\/uploads\/sites\/3\/2026\/01\/WhatsApp-Image-2026-01-29-at-17.54.50.jpeg 1280w\" sizes=\"(max-width: 1024px) 100vw, 1024px\" \/><\/figure>\n\n\n\n<p>A opera\u00e7\u00e3o conta com o apoio da Pol\u00edcia Civil (PC, Pol\u00edcia Militar (PMMS), Secretaria Municipal de Meio Ambiente, Gest\u00e3o Urbana e Desenvolvimento Econ\u00f4mico, Tur\u00edstico e Sustent\u00e1vel (Semades), a Secretaria Municipal de Sa\u00fade P\u00fablica (Sesau), a Vigil\u00e2ncia Sanit\u00e1ria e a Sefaz (Secretaria Municipal de Finan\u00e7as e Planejamento), al\u00e9m da concession\u00e1ria de luz e de operadoras de telefonia e internet.<\/p>\n\n\n\n<p><\/p>\n","protected":false},"author":310,"featured_media":156131,"template":"","meta":{"custom_icon_class":"","footnotes":""},"categories":[48],"tags":[],"class_list":["post-156128","sec-noticias","type-sec-noticias","status-publish","has-post-thumbnail","hentry","category-seguranca-publica"],"acf":[],"_links":{"self":[{"href":"https:\/\/www.campogrande.ms.gov.br\/cgnoticias\/wp-json\/wp\/v2\/sec-noticias\/156128"}],"collection":[{"href":"https:\/\/www.campogrande.ms.gov.br\/cgnoticias\/wp-json\/wp\/v2\/sec-noticias"}],"about":[{"href":"https:\/\/www.campogrande.ms.gov.br\/cgnoticias\/wp-json\/wp\/v2\/types\/sec-noticias"}],"author":[{"embeddable":true,"href":"https:\/\/www.campogrande.ms.gov.br\/cgnoticias\/wp-json\/wp\/v2\/users\/310"}],"version-history":[{"count":10,"href":"https:\/\/www.campogrande.ms.gov.br\/cgnoticias\/wp-json\/wp\/v2\/sec-noticias\/156128\/revisions"}],"predecessor-version":[{"id":156143,"href":"https:\/\/www.campogrande.ms.gov.br\/cgnoticias\/wp-json\/wp\/v2\/sec-noticias\/156128\/revisions\/156143"}],"wp:featuredmedia":[{"embeddable":true,"href":"https:\/\/www.campogrande.ms.gov.br\/cgnoticias\/wp-json\/wp\/v2\/media\/156131"}],"wp:attachment":[{"href":"https:\/\/www.campogrande.ms.gov.br\/cgnoticias\/wp-json\/wp\/v2\/media?parent=156128"}],"wp:term":[{"taxonomy":"category","embeddable":true,"href":"https:\/\/www.campogrande.ms.gov.br\/cgnoticias\/wp-json\/wp\/v2\/categories?post=156128"},{"taxonomy":"post_tag","embeddable":true,"href":"https:\/\/www.campogrande.ms.gov.br\/cgnoticias\/wp-json\/wp\/v2\/tags?post=156128"}],"curies":[{"name":"wp","href":"https:\/\/api.w.org\/{rel}","templated":true}]}}