{"id":156082,"date":"2026-01-29T14:45:00","date_gmt":"2026-01-29T18:45:00","guid":{"rendered":"https:\/\/www.campogrande.ms.gov.br\/cgnoticias\/?post_type=sec-noticias&#038;p=156082"},"modified":"2026-01-29T16:54:51","modified_gmt":"2026-01-29T20:54:51","slug":"campo-grande-lanca-selecao-para-o-programa-nacional-de-vivencias-no-sus-2026","status":"publish","type":"sec-noticias","link":"https:\/\/www.campogrande.ms.gov.br\/cgnoticias\/noticia\/campo-grande-lanca-selecao-para-o-programa-nacional-de-vivencias-no-sus-2026\/","title":{"rendered":"Campo Grande lan\u00e7a sele\u00e7\u00e3o para o Programa Nacional de Viv\u00eancias no SUS 2026"},"content":{"rendered":"\n<p><\/p>\n\n\n\n<p>Est\u00e3o abertas, a partir do dia 2 de fevereiro, as inscri\u00e7\u00f5es para o Programa Nacional de Viv\u00eancias no Sistema \u00danico de Sa\u00fade (Viv\u00eancias no SUS), em articula\u00e7\u00e3o com o Projeto Viv\u00eancias e Est\u00e1gios na Realidade do SUS (VER-SUS) \u2013 edi\u00e7\u00e3o 2026. A viv\u00eancia ser\u00e1 realizada em Campo Grande, entre os dias 6 e 11 de abril de 2026, promovendo uma imers\u00e3o completa nos servi\u00e7os e pol\u00edticas p\u00fablicas de sa\u00fade do munic\u00edpio.<\/p>\n\n\n\n<p>O processo seletivo \u00e9 realizado pela Associa\u00e7\u00e3o da Rede Unida, em parceria com a Secretaria Municipal de Sa\u00fade, Minist\u00e9rio da Sa\u00fade, OPAS, Secretaria de Estado de Sa\u00fade, Universidade Federal de Mato Grosso do Sul (UFMS), Funda\u00e7\u00e3o Oswaldo Cruz e a Associa\u00e7\u00e3o de Arteterapia de Mato Grosso do Sul.<\/p>\n\n\n\n<p>Ao todo, s\u00e3o ofertadas 33 vagas, sendo 30 para viventes (estudantes de gradua\u00e7\u00e3o, ensino t\u00e9cnico e residentes da \u00e1rea da sa\u00fade) e 3 para facilitadores, destinados a participantes com experi\u00eancia pr\u00e9via em viv\u00eancias no SUS, movimentos sociais, projetos de extens\u00e3o, pesquisa ou iniciativas ligadas \u00e0 forma\u00e7\u00e3o em sa\u00fade. O programa prev\u00ea reserva de vagas para pessoas negras, ind\u00edgenas, quilombolas, pessoas com defici\u00eancia e pessoas trans, conforme legisla\u00e7\u00e3o vigente.<\/p>\n\n\n\n<p>Durante a viv\u00eancia, os participantes ter\u00e3o contato direto com diferentes n\u00edveis de aten\u00e7\u00e3o \u00e0 sa\u00fade, incluindo Aten\u00e7\u00e3o Prim\u00e1ria, Secund\u00e1ria e Terci\u00e1ria, Rede de Aten\u00e7\u00e3o Psicossocial, Rede Hospitalar, Urg\u00eancia e Emerg\u00eancia, pol\u00edticas p\u00fablicas voltadas \u00e0 equidade, sa\u00fade da mulher, popula\u00e7\u00f5es vulner\u00e1veis, gest\u00e3o e educa\u00e7\u00e3o em sa\u00fade, entre outras \u00e1reas estrat\u00e9gicas do SUS em Campo Grande. As atividades ocorrem em formato de imers\u00e3o integral, com acompanhamento pedag\u00f3gico, metodologias ativas e espa\u00e7os de reflex\u00e3o coletiva.<\/p>\n\n\n\n<p>As inscri\u00e7\u00f5es s\u00e3o gratuitas e devem ser realizadas a partir de 2 de fevereiro, exclusivamente por meio de formul\u00e1rio eletr\u00f4nico, dispon\u00edvel at\u00e9 \u00e0s 23h59 (hor\u00e1rio de Mato Grosso do Sul) do dia 27 de fevereiro de 2026, pelo link: <a href=\"https:\/\/forms.gle\/Yy7dTnQUu6SX6xhg7\">https:\/\/forms.gle\/Yy7dTnQUu6SX6xhg7<\/a><\/p>\n\n\n\n<p>Para participar, \u00e9 necess\u00e1rio anexar documento de identifica\u00e7\u00e3o com foto, carteira de vacina\u00e7\u00e3o atualizada, comprovante de matr\u00edcula no semestre 2026\/1, al\u00e9m de uma carta de apresenta\u00e7\u00e3o, que ser\u00e1 utilizada como crit\u00e9rio de avalia\u00e7\u00e3o. O resultado final da sele\u00e7\u00e3o ser\u00e1 divulgado no dia 27 de mar\u00e7o de 2026, no site da Rede Unida.<\/p>\n\n\n\n<p>A viv\u00eancia n\u00e3o \u00e9 remunerada, por\u00e9m os custos de alimenta\u00e7\u00e3o, hospedagem coletiva e transporte interno durante as atividades ser\u00e3o custeados pelo projeto. Os participantes que cumprirem integralmente a programa\u00e7\u00e3o receber\u00e3o certifica\u00e7\u00e3o, com carga hor\u00e1ria calculada a partir das atividades desenvolvidas ao longo da imers\u00e3o.<\/p>\n\n\n\n<p>Mais informa\u00e7\u00f5es, cronograma completo e detalhes sobre o processo seletivo podem ser acessados no site da Secretaria Municipal de Sa\u00fade:<\/p>\n\n\n\n<p><a href=\"https:\/\/www.campogrande.ms.gov.br\/sesau\/sec-artigos\/ver-sus-2026-selecao-de-viventes-e-facilitadores\/\" target=\"_blank\" rel=\"noreferrer noopener\">https:\/\/www.campogrande.ms.gov.br\/sesau\/sec-artigos\/ver-sus-2026-selecao-de-viventes-e-facilitadores\/<\/a><br>D\u00favidas tamb\u00e9m podem ser encaminhadas para o e-mail:&nbsp;<a href=\"mailto:versusms2026@gmail.com\" target=\"_blank\" rel=\"noreferrer noopener\">versusms2026@gmail.com<\/a><\/p>\n","protected":false},"author":310,"featured_media":156083,"template":"","meta":{"custom_icon_class":"","footnotes":""},"categories":[40],"tags":[],"class_list":["post-156082","sec-noticias","type-sec-noticias","status-publish","has-post-thumbnail","hentry","category-saude"],"acf":[],"_links":{"self":[{"href":"https:\/\/www.campogrande.ms.gov.br\/cgnoticias\/wp-json\/wp\/v2\/sec-noticias\/156082"}],"collection":[{"href":"https:\/\/www.campogrande.ms.gov.br\/cgnoticias\/wp-json\/wp\/v2\/sec-noticias"}],"about":[{"href":"https:\/\/www.campogrande.ms.gov.br\/cgnoticias\/wp-json\/wp\/v2\/types\/sec-noticias"}],"author":[{"embeddable":true,"href":"https:\/\/www.campogrande.ms.gov.br\/cgnoticias\/wp-json\/wp\/v2\/users\/310"}],"version-history":[{"count":2,"href":"https:\/\/www.campogrande.ms.gov.br\/cgnoticias\/wp-json\/wp\/v2\/sec-noticias\/156082\/revisions"}],"predecessor-version":[{"id":156085,"href":"https:\/\/www.campogrande.ms.gov.br\/cgnoticias\/wp-json\/wp\/v2\/sec-noticias\/156082\/revisions\/156085"}],"wp:featuredmedia":[{"embeddable":true,"href":"https:\/\/www.campogrande.ms.gov.br\/cgnoticias\/wp-json\/wp\/v2\/media\/156083"}],"wp:attachment":[{"href":"https:\/\/www.campogrande.ms.gov.br\/cgnoticias\/wp-json\/wp\/v2\/media?parent=156082"}],"wp:term":[{"taxonomy":"category","embeddable":true,"href":"https:\/\/www.campogrande.ms.gov.br\/cgnoticias\/wp-json\/wp\/v2\/categories?post=156082"},{"taxonomy":"post_tag","embeddable":true,"href":"https:\/\/www.campogrande.ms.gov.br\/cgnoticias\/wp-json\/wp\/v2\/tags?post=156082"}],"curies":[{"name":"wp","href":"https:\/\/api.w.org\/{rel}","templated":true}]}}