{"id":155831,"date":"2026-01-23T08:31:32","date_gmt":"2026-01-23T12:31:32","guid":{"rendered":"https:\/\/www.campogrande.ms.gov.br\/cgnoticias\/?post_type=sec-noticias&#038;p=155831"},"modified":"2026-01-23T10:38:55","modified_gmt":"2026-01-23T14:38:55","slug":"sas-amplia-estrutura-de-atendimentos-da-rede-de-assistencia-social","status":"publish","type":"sec-noticias","link":"https:\/\/www.campogrande.ms.gov.br\/cgnoticias\/noticia\/sas-amplia-estrutura-de-atendimentos-da-rede-de-assistencia-social\/","title":{"rendered":"SAS amplia mapeamento de atendimentos da Rede de Assist\u00eancia Social"},"content":{"rendered":"\n<p><\/p>\n\n\n\n<p>A Secretaria de Assist\u00eancia Social e Cidadania (SAS), por meio da Superintend\u00eancia de Gest\u00e3o do Suas, realizou a atualiza\u00e7\u00e3o do Registro Mensal de Atendimentos (RMA) com o objetivo de mapear os servi\u00e7os oferecidos pelas unidades da Rede de Assist\u00eancia Social do munic\u00edpio.<\/p>\n\n\n\n<p>O RMA \u00e9 um formul\u00e1rio utilizado para registrar, mensalmente, todos os atendimentos e acompanhamentos realizados por equipamentos como os CRAS (Centro de Refer\u00eancia de Assist\u00eancia Social), CREAS (Centro de Refer\u00eancia Especializado de Assist\u00eancia Social) e centros de atendimento \u00e0 popula\u00e7\u00e3o em situa\u00e7\u00e3o de rua.<\/p>\n\n\n\n<p>A moderniza\u00e7\u00e3o da ferramenta tem como foco a otimiza\u00e7\u00e3o da coleta de dados dos atendimentos prestados aos usu\u00e1rios. Com as inova\u00e7\u00f5es implantadas, a expectativa da equipe \u00e9 que o documento reflita a nova realidade social da Capital, uma vez que o formul\u00e1rio passa a incluir indicadores mais precisos sobre temas como diversidade e fluxos migrat\u00f3rios.<\/p>\n\n\n\n<p>Para consolidar a mudan\u00e7a, a equipe da Vigil\u00e2ncia Socioassistencial realizou um plant\u00e3o t\u00e9cnico de dois dias, reunindo representantes de 119 unidades, entre equipamentos p\u00fablicos (CRAS, CREAS e Centros de Conviv\u00eancia) e Organiza\u00e7\u00f5es da Sociedade Civil (OSCs) cofinanciadas pela Prefeitura. O objetivo foi orientar os gestores sobre o novo instrumental, que serve de base para o planejamento de pol\u00edticas p\u00fablicas e a distribui\u00e7\u00e3o de recursos.<\/p>\n\n\n\n<p>As inova\u00e7\u00f5es no formul\u00e1rio e o registro em meio digital permitem um levantamento minucioso do perfil dos usu\u00e1rios, abordando aspectos como diversidade sexual, defici\u00eancias e nacionalidade. Com dados mais qualificados, a SAS consegue identificar, por exemplo, as regi\u00f5es com maior demanda por servi\u00e7os espec\u00edficos, possibilitando a amplia\u00e7\u00e3o de equipes t\u00e9cnicas, a implanta\u00e7\u00e3o de novas unidades ou a abertura de vagas onde a necessidade \u00e9 mais urgente.<\/p>\n\n\n\n<p><strong>Benef\u00edcios<\/strong><\/p>\n\n\n\n<p>A superintendente de Gest\u00e3o do SUAS, Marcilene Rodrigues, destaca que a atualiza\u00e7\u00e3o do RMA permitir\u00e1 que a gest\u00e3o atue de forma mais assertiva, transformando dados em benef\u00edcios diretos para a popula\u00e7\u00e3o.<\/p>\n\n\n\n<p>\u201cO RMA n\u00e3o \u00e9 apenas um relat\u00f3rio burocr\u00e1tico; ele \u00e9 a nossa principal ferramenta de diagn\u00f3stico e planejamento. Com este novo modelo, conseguiremos identificar com clareza onde o servi\u00e7o precisa ser fortalecido, garantindo que o atendimento chegue com excel\u00eancia a quem mais precisa na ponta\u201d, afirmou.<\/p>\n\n\n\n<p>O estudo desses dados em anos anteriores levou, por exemplo, \u00e0 amplia\u00e7\u00e3o de mais de 80 vagas de acolhimento para migrantes nacionais e internacionais, al\u00e9m de 12 vagas destinadas a pessoas com defici\u00eancia. A implanta\u00e7\u00e3o de tr\u00eas novos Conselhos Tutelares, em 2024, tamb\u00e9m foi resultado de indicadores extra\u00eddos do RMA.<\/p>\n\n\n\n<p>J\u00e1 a gerente de Vigil\u00e2ncia Socioassistencial, Viviane Brand\u00e3o, explica que o novo formato padroniza os atendimentos e aproxima a Rede da realidade atual do munic\u00edpio. Segundo ela, a equipe estudou a metodologia dos servi\u00e7os para elaborar um documento capaz de acompanhar as mudan\u00e7as sociais dos \u00faltimos anos, como o aumento do p\u00fablico migrante. A partir do detalhamento desse perfil, \u00e9 poss\u00edvel padronizar o fluxo de trabalho tanto nas unidades p\u00fablicas quanto nas privadas.<\/p>\n\n\n\n<p>\u201cIsso gera efici\u00eancia e nos d\u00e1 subs\u00eddios para decidir, de forma t\u00e9cnica, se uma regi\u00e3o precisa de mais ve\u00edculos, mais profissionais ou de um novo tipo de equipamento p\u00fablico\u201d, concluiu.<\/p>\n","protected":false},"author":310,"featured_media":155847,"template":"","meta":{"custom_icon_class":"","footnotes":""},"categories":[],"tags":[],"class_list":["post-155831","sec-noticias","type-sec-noticias","status-publish","has-post-thumbnail","hentry"],"acf":[],"_links":{"self":[{"href":"https:\/\/www.campogrande.ms.gov.br\/cgnoticias\/wp-json\/wp\/v2\/sec-noticias\/155831"}],"collection":[{"href":"https:\/\/www.campogrande.ms.gov.br\/cgnoticias\/wp-json\/wp\/v2\/sec-noticias"}],"about":[{"href":"https:\/\/www.campogrande.ms.gov.br\/cgnoticias\/wp-json\/wp\/v2\/types\/sec-noticias"}],"author":[{"embeddable":true,"href":"https:\/\/www.campogrande.ms.gov.br\/cgnoticias\/wp-json\/wp\/v2\/users\/310"}],"version-history":[{"count":8,"href":"https:\/\/www.campogrande.ms.gov.br\/cgnoticias\/wp-json\/wp\/v2\/sec-noticias\/155831\/revisions"}],"predecessor-version":[{"id":155856,"href":"https:\/\/www.campogrande.ms.gov.br\/cgnoticias\/wp-json\/wp\/v2\/sec-noticias\/155831\/revisions\/155856"}],"wp:featuredmedia":[{"embeddable":true,"href":"https:\/\/www.campogrande.ms.gov.br\/cgnoticias\/wp-json\/wp\/v2\/media\/155847"}],"wp:attachment":[{"href":"https:\/\/www.campogrande.ms.gov.br\/cgnoticias\/wp-json\/wp\/v2\/media?parent=155831"}],"wp:term":[{"taxonomy":"category","embeddable":true,"href":"https:\/\/www.campogrande.ms.gov.br\/cgnoticias\/wp-json\/wp\/v2\/categories?post=155831"},{"taxonomy":"post_tag","embeddable":true,"href":"https:\/\/www.campogrande.ms.gov.br\/cgnoticias\/wp-json\/wp\/v2\/tags?post=155831"}],"curies":[{"name":"wp","href":"https:\/\/api.w.org\/{rel}","templated":true}]}}