{"id":155151,"date":"2025-12-29T15:01:35","date_gmt":"2025-12-29T19:01:35","guid":{"rendered":"https:\/\/www.campogrande.ms.gov.br\/cgnoticias\/?post_type=sec-noticias&#038;p=155151"},"modified":"2025-12-29T15:01:37","modified_gmt":"2025-12-29T19:01:37","slug":"campo-grande-encerra-2025-entre-as-melhores-capitais-em-qualidade-de-vida-do-brasil","status":"publish","type":"sec-noticias","link":"https:\/\/www.campogrande.ms.gov.br\/cgnoticias\/noticia\/campo-grande-encerra-2025-entre-as-melhores-capitais-em-qualidade-de-vida-do-brasil\/","title":{"rendered":"Campo Grande encerra 2025 entre as melhores capitais em qualidade de vida do Brasil"},"content":{"rendered":"\n<p>Campo Grande encerra 2025 como uma das melhores capitais brasileiras para se viver. Segundo Instituto de Progresso Social (IPS Brasil), que repercutiu novamente o ranking neste m\u00eas de dezembro, a Capital ocupa o 2\u00ba lugar entre as capitais em qualidade de vida, com pontua\u00e7\u00e3o de 69,63. Uma diferen\u00e7a de apenas 0,37% com Curitiba, praticamente um empate t\u00e9cnico.<\/p>\n\n\n\n<p>O resultado refor\u00e7a um desempenho da Prefeitura Municipal que marcou todo o ano. Ao longo de 2025, Campo Grande esteve em destaque nacional por pol\u00edticas p\u00fablicas, projetos urbanos e boas pr\u00e1ticas de gest\u00e3o que, somadas, ajudam a explicar por que a cidade figura entre as refer\u00eancias do pa\u00eds em bem-estar, oportunidades e desenvolvimento urbano.<\/p>\n\n\n\n<p>O \u00edndice, baseado em 57 indicadores sociais e ambientais, refor\u00e7a o avan\u00e7o da cidade em \u00e1reas como bem-estar, direitos individuais, educa\u00e7\u00e3o superior e meio ambiente. Campo Grande tamb\u00e9m ocupa a 13\u00aa posi\u00e7\u00e3o nacional entre os mais de 5 mil munic\u00edpios avaliados.<\/p>\n\n\n\n<p><strong>\u00danica do Brasil 100% transparente<\/strong><\/p>\n\n\n\n<p>Entre a s\u00e9rie de premia\u00e7\u00f5es que marcaram o ano, a Capital foi a \u00fanica do Brasil a atingir 100% da metodologia do Programa Nacional de Transpar\u00eancia P\u00fablica, recebendo o<a href=\"https:\/\/www.campogrande.ms.gov.br\/cgnoticias\/noticia\/selo-diamante-campo-grande-e-unica-capital-com-100-em-transparencia\/\"> Selo Diamante<\/a>. Isso garante \u00e0 popula\u00e7\u00e3o acesso completo \u00e0s informa\u00e7\u00f5es p\u00fablicas.<\/p>\n\n\n\n<figure class=\"wp-block-image size-full\"><img fetchpriority=\"high\" decoding=\"async\" width=\"960\" height=\"971\" src=\"https:\/\/cdn.campogrande.ms.gov.br\/portal\/prod\/uploads\/sites\/3\/2025\/12\/PREMIO-SELO-DIAMANTE-TRANSPARENCIA-CGM.jpeg\" alt=\"\" class=\"wp-image-155152\" srcset=\"https:\/\/cdn.campogrande.ms.gov.br\/portal\/prod\/uploads\/sites\/3\/2025\/12\/PREMIO-SELO-DIAMANTE-TRANSPARENCIA-CGM.jpeg 960w, https:\/\/cdn.campogrande.ms.gov.br\/portal\/prod\/uploads\/sites\/3\/2025\/12\/PREMIO-SELO-DIAMANTE-TRANSPARENCIA-CGM-297x300.jpeg 297w, https:\/\/cdn.campogrande.ms.gov.br\/portal\/prod\/uploads\/sites\/3\/2025\/12\/PREMIO-SELO-DIAMANTE-TRANSPARENCIA-CGM-768x777.jpeg 768w\" sizes=\"(max-width: 960px) 100vw, 960px\" \/><\/figure>\n\n\n\n<p><strong>Pr\u00eamio Cidade Caminh\u00e1vel<\/strong><\/p>\n\n\n\n<p>Outro destaque foi o<a href=\"https:\/\/www.campogrande.ms.gov.br\/cgnoticias\/noticia\/com-reconhecimento-nacional-campo-grande-ganha-premio-cidade-caminhavel-2025\/\"> Pr\u00eamio Cidade Caminh\u00e1vel 2025<\/a>, conquistado com o projeto Viva Campo Grande II, que transformou mais de 80 quadras do centro com cal\u00e7adas acess\u00edveis, mobili\u00e1rio urbano, ilumina\u00e7\u00e3o e mais de 1.300 novas \u00e1rvores, aumentando a circula\u00e7\u00e3o de pedestres.<\/p>\n\n\n\n<figure class=\"wp-block-image size-large\"><img decoding=\"async\" width=\"1024\" height=\"681\" src=\"https:\/\/cdn.campogrande.ms.gov.br\/portal\/prod\/uploads\/sites\/3\/2025\/12\/PREMIO-CIDADE-CAMINHAVEL-2025-PREFCG-RUA-14-DE-JULHO-1024x681.jpeg\" alt=\"\" class=\"wp-image-155153\" srcset=\"https:\/\/cdn.campogrande.ms.gov.br\/portal\/prod\/uploads\/sites\/3\/2025\/12\/PREMIO-CIDADE-CAMINHAVEL-2025-PREFCG-RUA-14-DE-JULHO-1024x681.jpeg 1024w, https:\/\/cdn.campogrande.ms.gov.br\/portal\/prod\/uploads\/sites\/3\/2025\/12\/PREMIO-CIDADE-CAMINHAVEL-2025-PREFCG-RUA-14-DE-JULHO-300x200.jpeg 300w, https:\/\/cdn.campogrande.ms.gov.br\/portal\/prod\/uploads\/sites\/3\/2025\/12\/PREMIO-CIDADE-CAMINHAVEL-2025-PREFCG-RUA-14-DE-JULHO-768x511.jpeg 768w, https:\/\/cdn.campogrande.ms.gov.br\/portal\/prod\/uploads\/sites\/3\/2025\/12\/PREMIO-CIDADE-CAMINHAVEL-2025-PREFCG-RUA-14-DE-JULHO-1536x1021.jpeg 1536w, https:\/\/cdn.campogrande.ms.gov.br\/portal\/prod\/uploads\/sites\/3\/2025\/12\/PREMIO-CIDADE-CAMINHAVEL-2025-PREFCG-RUA-14-DE-JULHO.jpeg 1600w\" sizes=\"(max-width: 1024px) 100vw, 1024px\" \/><\/figure>\n\n\n\n<p><strong>Habita\u00e7\u00e3o e dignidade social<\/strong><\/p>\n\n\n\n<p>Na habita\u00e7\u00e3o, Campo Grande recebeu o <a href=\"https:\/\/www.campogrande.ms.gov.br\/cgnoticias\/noticia\/habitacao-prefeitura-recebe-premio-nacional-por-vila-dos-idosos-e-homex\/\">Selo M\u00e9rito 2025<\/a>, com projetos como o Condom\u00ednio Vila da Melhor Idade e a regulariza\u00e7\u00e3o da Comunidade Homex, garantindo moradia digna e seguran\u00e7a jur\u00eddica para mais de 1.300 fam\u00edlias.<\/p>\n\n\n\n<figure class=\"wp-block-image size-large\"><img decoding=\"async\" width=\"1024\" height=\"768\" src=\"https:\/\/cdn.campogrande.ms.gov.br\/portal\/prod\/uploads\/sites\/3\/2025\/12\/PREMIO-HABITACAO-2025-EMHA-PREFCG-1024x768.jpeg\" alt=\"\" class=\"wp-image-155154\" srcset=\"https:\/\/cdn.campogrande.ms.gov.br\/portal\/prod\/uploads\/sites\/3\/2025\/12\/PREMIO-HABITACAO-2025-EMHA-PREFCG-1024x768.jpeg 1024w, https:\/\/cdn.campogrande.ms.gov.br\/portal\/prod\/uploads\/sites\/3\/2025\/12\/PREMIO-HABITACAO-2025-EMHA-PREFCG-300x225.jpeg 300w, https:\/\/cdn.campogrande.ms.gov.br\/portal\/prod\/uploads\/sites\/3\/2025\/12\/PREMIO-HABITACAO-2025-EMHA-PREFCG-768x576.jpeg 768w, https:\/\/cdn.campogrande.ms.gov.br\/portal\/prod\/uploads\/sites\/3\/2025\/12\/PREMIO-HABITACAO-2025-EMHA-PREFCG-1536x1152.jpeg 1536w, https:\/\/cdn.campogrande.ms.gov.br\/portal\/prod\/uploads\/sites\/3\/2025\/12\/PREMIO-HABITACAO-2025-EMHA-PREFCG.jpeg 1600w\" sizes=\"(max-width: 1024px) 100vw, 1024px\" \/><\/figure>\n\n\n\n<p><strong>Educa\u00e7\u00e3o como investimento no futuro<\/strong><\/p>\n\n\n\n<p>A educa\u00e7\u00e3o tamb\u00e9m avan\u00e7ou. A cidade conquistou o<a href=\"https:\/\/www.campogrande.ms.gov.br\/cgnoticias\/noticia\/em-brasilia-prefeita-adriane-lopes-recebe-premio-nacional-por-investimentos-na-educacao\/\"> Selo Ouro do Compromisso Nacional com a Alfabetiza\u00e7\u00e3o<\/a>, com 100 pontos, refletindo o empenho da gest\u00e3o na alfabetiza\u00e7\u00e3o de crian\u00e7as at\u00e9 o 2\u00ba ano do ensino fundamental.<\/p>\n\n\n\n<figure class=\"wp-block-image size-large\"><img loading=\"lazy\" decoding=\"async\" width=\"1024\" height=\"682\" src=\"https:\/\/cdn.campogrande.ms.gov.br\/portal\/prod\/uploads\/sites\/3\/2025\/12\/PREMIO-SELO-OURO-COMPROMISSO-NACIONAL-COM-ALFABETIZACAO-1024x682.jpeg\" alt=\"\" class=\"wp-image-155155\" srcset=\"https:\/\/cdn.campogrande.ms.gov.br\/portal\/prod\/uploads\/sites\/3\/2025\/12\/PREMIO-SELO-OURO-COMPROMISSO-NACIONAL-COM-ALFABETIZACAO-1024x682.jpeg 1024w, https:\/\/cdn.campogrande.ms.gov.br\/portal\/prod\/uploads\/sites\/3\/2025\/12\/PREMIO-SELO-OURO-COMPROMISSO-NACIONAL-COM-ALFABETIZACAO-300x200.jpeg 300w, https:\/\/cdn.campogrande.ms.gov.br\/portal\/prod\/uploads\/sites\/3\/2025\/12\/PREMIO-SELO-OURO-COMPROMISSO-NACIONAL-COM-ALFABETIZACAO-768x511.jpeg 768w, https:\/\/cdn.campogrande.ms.gov.br\/portal\/prod\/uploads\/sites\/3\/2025\/12\/PREMIO-SELO-OURO-COMPROMISSO-NACIONAL-COM-ALFABETIZACAO.jpeg 1280w\" sizes=\"(max-width: 1024px) 100vw, 1024px\" \/><\/figure>\n\n\n\n<p><strong>Um conjunto de resultados que se conecta<\/strong><\/p>\n\n\n\n<p>Mais do que pr\u00eamios isolados, esses resultados mostram que Campo Grande tem seguido um caminho consistente. Com investimentos em mobilidade, transpar\u00eancia, inclus\u00e3o e educa\u00e7\u00e3o, a Prefeitura consolida um modelo de gest\u00e3o que melhora a vida das pessoas.<\/p>\n\n\n\n<figure class=\"wp-block-image size-full\"><img loading=\"lazy\" decoding=\"async\" width=\"1024\" height=\"684\" src=\"https:\/\/cdn.campogrande.ms.gov.br\/portal\/prod\/uploads\/sites\/3\/2025\/12\/WhatsApp-Image-2025-09-19-at-15.52.55-1024x684-1.jpeg\" alt=\"\" class=\"wp-image-155156\" srcset=\"https:\/\/cdn.campogrande.ms.gov.br\/portal\/prod\/uploads\/sites\/3\/2025\/12\/WhatsApp-Image-2025-09-19-at-15.52.55-1024x684-1.jpeg 1024w, https:\/\/cdn.campogrande.ms.gov.br\/portal\/prod\/uploads\/sites\/3\/2025\/12\/WhatsApp-Image-2025-09-19-at-15.52.55-1024x684-1-300x200.jpeg 300w, https:\/\/cdn.campogrande.ms.gov.br\/portal\/prod\/uploads\/sites\/3\/2025\/12\/WhatsApp-Image-2025-09-19-at-15.52.55-1024x684-1-768x513.jpeg 768w\" sizes=\"(max-width: 1024px) 100vw, 1024px\" \/><\/figure>\n\n\n\n<p>Ao fechar o ano entre as melhores capitais do pa\u00eds em qualidade de vida, Campo Grande refor\u00e7a que os avan\u00e7os registrados em diferentes \u00e1reas contribuem diretamente para uma cidade mais equilibrada, inclusiva e preparada para o futuro.<\/p>\n\n\n\n<p><\/p>\n\n\n\n<p><\/p>\n\n\n\n<p><em>#ParaTodosVerem As imagens mostram as premia\u00e7\u00f5es, habita\u00e7\u00e3o, educa\u00e7\u00e3o e imagem a\u00e9rea da cidade.<\/em><\/p>\n","protected":false},"author":560,"featured_media":154989,"template":"","meta":{"custom_icon_class":"","footnotes":""},"categories":[],"tags":[],"class_list":["post-155151","sec-noticias","type-sec-noticias","status-publish","has-post-thumbnail","hentry"],"acf":[],"_links":{"self":[{"href":"https:\/\/www.campogrande.ms.gov.br\/cgnoticias\/wp-json\/wp\/v2\/sec-noticias\/155151"}],"collection":[{"href":"https:\/\/www.campogrande.ms.gov.br\/cgnoticias\/wp-json\/wp\/v2\/sec-noticias"}],"about":[{"href":"https:\/\/www.campogrande.ms.gov.br\/cgnoticias\/wp-json\/wp\/v2\/types\/sec-noticias"}],"author":[{"embeddable":true,"href":"https:\/\/www.campogrande.ms.gov.br\/cgnoticias\/wp-json\/wp\/v2\/users\/560"}],"version-history":[{"count":3,"href":"https:\/\/www.campogrande.ms.gov.br\/cgnoticias\/wp-json\/wp\/v2\/sec-noticias\/155151\/revisions"}],"predecessor-version":[{"id":155164,"href":"https:\/\/www.campogrande.ms.gov.br\/cgnoticias\/wp-json\/wp\/v2\/sec-noticias\/155151\/revisions\/155164"}],"wp:featuredmedia":[{"embeddable":true,"href":"https:\/\/www.campogrande.ms.gov.br\/cgnoticias\/wp-json\/wp\/v2\/media\/154989"}],"wp:attachment":[{"href":"https:\/\/www.campogrande.ms.gov.br\/cgnoticias\/wp-json\/wp\/v2\/media?parent=155151"}],"wp:term":[{"taxonomy":"category","embeddable":true,"href":"https:\/\/www.campogrande.ms.gov.br\/cgnoticias\/wp-json\/wp\/v2\/categories?post=155151"},{"taxonomy":"post_tag","embeddable":true,"href":"https:\/\/www.campogrande.ms.gov.br\/cgnoticias\/wp-json\/wp\/v2\/tags?post=155151"}],"curies":[{"name":"wp","href":"https:\/\/api.w.org\/{rel}","templated":true}]}}