{"id":155040,"date":"2025-12-30T06:30:00","date_gmt":"2025-12-30T10:30:00","guid":{"rendered":"https:\/\/www.campogrande.ms.gov.br\/cgnoticias\/?post_type=sec-noticias&#038;p=155040"},"modified":"2025-12-23T12:59:39","modified_gmt":"2025-12-23T16:59:39","slug":"educacao-municipal-amplia-vagas-moderniza-escolas-e-fortalece-aprendizagem-em-2025","status":"publish","type":"sec-noticias","link":"https:\/\/www.campogrande.ms.gov.br\/cgnoticias\/noticia\/educacao-municipal-amplia-vagas-moderniza-escolas-e-fortalece-aprendizagem-em-2025\/","title":{"rendered":"Educa\u00e7\u00e3o municipal amplia vagas, moderniza escolas e fortalece aprendizagem em 2025"},"content":{"rendered":"\n<p>A Rede Municipal de Ensino de Campo Grande encerra 2025 com um conjunto de avan\u00e7os que impactaram diretamente o acesso \u00e0 educa\u00e7\u00e3o, a estrutura das escolas e a qualidade do ensino ofertado aos estudantes. Ao longo do ano, investimentos em infraestrutura, amplia\u00e7\u00e3o de vagas, valoriza\u00e7\u00e3o dos profissionais e fortalecimento das pol\u00edticas pedag\u00f3gicas consolidaram um movimento de reestrutura\u00e7\u00e3o da educa\u00e7\u00e3o p\u00fablica na Capital.<\/p>\n\n\n\n<p>Atualmente, a REME \u00e9 composta por 206 unidades escolares e atende cerca de 115 mil alunos em todas as regi\u00f5es da cidade. O funcionamento da rede envolve uma estrutura ampla, formada por 271 diretores e diretores adjuntos, 8.902 professores, 695 profissionais da equipe pedag\u00f3gica e 8.032 servidores administrativos, respons\u00e1veis pelo atendimento di\u00e1rio nas escolas e centros de educa\u00e7\u00e3o infantil.<\/p>\n\n\n\n<p><strong>Infraestrutura escolar e amplia\u00e7\u00e3o do acesso<\/strong><\/p>\n\n\n\n<p>Um dos principais marcos de 2025 foi a execu\u00e7\u00e3o do programa Juntos Pela Escola, considerado o maior processo de revitaliza\u00e7\u00e3o j\u00e1 realizado na hist\u00f3ria da REME. A iniciativa promoveu a recupera\u00e7\u00e3o simult\u00e2nea de 205 unidades escolares, com investimento de R$ 51,5 milh\u00f5es, abrangendo melhorias nas redes el\u00e9trica e hidr\u00e1ulica, telhados, acessibilidade e pintura. As interven\u00e7\u00f5es contaram com a participa\u00e7\u00e3o direta das Associa\u00e7\u00f5es de Pais e Mestres, ampliando o envolvimento da comunidade escolar.<\/p>\n\n\n\n<p>Paralelamente, a amplia\u00e7\u00e3o da oferta de vagas ganhou for\u00e7a com a implanta\u00e7\u00e3o de 166 salas de aula modulares, todas climatizadas e equipadas com mobili\u00e1rio novo. As estruturas foram distribu\u00eddas em todas as regi\u00f5es urbanas e possibilitaram a cria\u00e7\u00e3o de 6.600 novas vagas na educa\u00e7\u00e3o infantil e no ensino fundamental. A regi\u00e3o do Anhanduizinho concentrou o maior n\u00famero de salas, seguida pelas regi\u00f5es do Segredo, Bandeira, Lagoa, Imbirussu e Prosa.<\/p>\n\n\n\n<p>Na Educa\u00e7\u00e3o Infantil, 2025 tamb\u00e9m marcou a retomada de obras paralisadas h\u00e1 mais de uma d\u00e9cada. A inaugura\u00e7\u00e3o da EMEI S\u00e3o Conrado e o avan\u00e7o das obras da EMEI Oliveira III, al\u00e9m da constru\u00e7\u00e3o de novas unidades nos bairros Jardim Anache e Popular, ampliaram a capacidade de atendimento. Outras oito EMEIs seguem em processo de licita\u00e7\u00e3o. As entregas realizadas entre 2024 e 2025 j\u00e1 garantiram mais de 500 novas vagas para crian\u00e7as da primeira inf\u00e2ncia.<\/p>\n\n\n\n<p>Obras estrat\u00e9gicas tamb\u00e9m foram retomadas, como a Escola Vila Nath\u00e1lia, com capacidade para 720 alunos, e a Escola Parati, projetada para atender at\u00e9 840 estudantes, ampliando a oferta educacional em regi\u00f5es com alta demanda.<\/p>\n\n\n\n<figure class=\"wp-block-image size-large\"><img fetchpriority=\"high\" decoding=\"async\" width=\"1024\" height=\"674\" src=\"https:\/\/cdn.campogrande.ms.gov.br\/portal\/prod\/uploads\/sites\/3\/2024\/07\/entregas_reformas_juntos_pela_escola_semed-6-1024x674.jpeg\" alt=\"\" class=\"wp-image-127138\" srcset=\"https:\/\/cdn.campogrande.ms.gov.br\/portal\/prod\/uploads\/sites\/3\/2024\/07\/entregas_reformas_juntos_pela_escola_semed-6-1024x674.jpeg 1024w, https:\/\/cdn.campogrande.ms.gov.br\/portal\/prod\/uploads\/sites\/3\/2024\/07\/entregas_reformas_juntos_pela_escola_semed-6-300x197.jpeg 300w, https:\/\/cdn.campogrande.ms.gov.br\/portal\/prod\/uploads\/sites\/3\/2024\/07\/entregas_reformas_juntos_pela_escola_semed-6-768x505.jpeg 768w, https:\/\/cdn.campogrande.ms.gov.br\/portal\/prod\/uploads\/sites\/3\/2024\/07\/entregas_reformas_juntos_pela_escola_semed-6.jpeg 1404w\" sizes=\"(max-width: 1024px) 100vw, 1024px\" \/><\/figure>\n\n\n\n<p><strong>Valoriza\u00e7\u00e3o profissional e gest\u00e3o escolar<\/strong><\/p>\n\n\n\n<p>A valoriza\u00e7\u00e3o dos profissionais da educa\u00e7\u00e3o foi mantida como um dos eixos centrais da pol\u00edtica educacional em 2025. O ano foi marcado pela concess\u00e3o de reajuste salarial de 6,27%, mantendo o vencimento dos professores 71% acima do piso nacional para a jornada de 20 horas. Al\u00e9m disso, foram nomeados 1.300 professores e 106 secret\u00e1rios escolares, refor\u00e7ando as equipes das unidades, especialmente nas EMEIs.<\/p>\n\n\n\n<p>A gest\u00e3o democr\u00e1tica tamb\u00e9m avan\u00e7ou com a consolida\u00e7\u00e3o do processo eleitoral iniciado em 2023, que resultou na posse de 105 diretores escolares em 2024. A medida trouxe maior estabilidade administrativa \u00e0s unidades e garantiu continuidade \u00e0s a\u00e7\u00f5es pedag\u00f3gicas ao longo de 2025.<\/p>\n\n\n\n<p><strong>Apoio aos estudantes e investimentos diretos<\/strong><\/p>\n\n\n\n<p>Nos \u00faltimos dois anos, com impacto direto em 2025, a REME recebeu investimentos estruturantes voltados ao cotidiano escolar. Foram adquiridos 35.065 itens de mobili\u00e1rio, com investimento de R$ 27,3 milh\u00f5es, al\u00e9m da incorpora\u00e7\u00e3o de 21 novos ve\u00edculos \u00e0 frota, ap\u00f3s 16 anos sem renova\u00e7\u00e3o.<\/p>\n\n\n\n<p>A alimenta\u00e7\u00e3o escolar manteve papel essencial, com a oferta m\u00e9dia de 192.826 refei\u00e7\u00f5es di\u00e1rias, totalizando mais de 3,8 milh\u00f5es por m\u00eas, al\u00e9m da distribui\u00e7\u00e3o de cerca de 240 mil p\u00e3es mensalmente. O fornecimento de uniformes e kits escolares beneficiou 112 mil alunos, com a entrega de aproximadamente 500 mil pe\u00e7as.<\/p>\n\n\n\n<p>Outro avan\u00e7o importante foi a implanta\u00e7\u00e3o de parques infantis em todas as 206 escolas, com mais de 50 mil itens distribu\u00eddos, ampliando os espa\u00e7os de conviv\u00eancia e lazer das crian\u00e7as.<\/p>\n\n\n\n<p><strong>Projetos pedag\u00f3gicos e fortalecimento da aprendizagem<\/strong><\/p>\n\n\n\n<p>O fortalecimento da aprendizagem seguiu como prioridade em 2025. Iniciativas como o Simulado REME e o Simula SAEB, implantadas em 2023, continuaram sendo aplicadas do 1\u00ba ao 9\u00ba ano, contribuindo para a melhoria dos indicadores educacionais, como o IDEB.<\/p>\n\n\n\n<p>O projeto Aprender Mais na REME ampliou o atendimento e alcan\u00e7ou novos patamares. Nos anos iniciais, 5.204 alunos foram atendidos em 81 escolas, com atua\u00e7\u00e3o de 222 profissionais. Nos anos finais, o projeto beneficiou 4.439 estudantes em 71 escolas, com o apoio de 310 profissionais.<\/p>\n\n\n\n<p>J\u00e1 o Projeto Esporte, Arte e Cultura atendeu cerca de 30 mil alunos, com a participa\u00e7\u00e3o de 610 professores, oferecendo atividades que v\u00e3o da nata\u00e7\u00e3o ao teatro, m\u00fasica, audiovisual, circo, coral, grafite e fanfarra, presentes em 21 escolas da rede.<\/p>\n\n\n\n<p>Em 2025, todas as unidades da REME tamb\u00e9m conclu\u00edram a implanta\u00e7\u00e3o do planejamento pedag\u00f3gico e do di\u00e1rio online, fortalecendo a organiza\u00e7\u00e3o do trabalho docente e ampliando a transpar\u00eancia dos processos educacionais.<\/p>\n\n\n\n<figure class=\"wp-block-image size-full\"><img decoding=\"async\" width=\"1024\" height=\"768\" src=\"https:\/\/cdn.campogrande.ms.gov.br\/portal\/prod\/uploads\/sites\/3\/2025\/12\/PREFEITA-ADRIANE-LOPES-VISITA-EMEI-Elenir-Zanqueta-Molina_ROBERTO-AJALA-3-1024x768-2.jpeg\" alt=\"\" class=\"wp-image-155042\" srcset=\"https:\/\/cdn.campogrande.ms.gov.br\/portal\/prod\/uploads\/sites\/3\/2025\/12\/PREFEITA-ADRIANE-LOPES-VISITA-EMEI-Elenir-Zanqueta-Molina_ROBERTO-AJALA-3-1024x768-2.jpeg 1024w, https:\/\/cdn.campogrande.ms.gov.br\/portal\/prod\/uploads\/sites\/3\/2025\/12\/PREFEITA-ADRIANE-LOPES-VISITA-EMEI-Elenir-Zanqueta-Molina_ROBERTO-AJALA-3-1024x768-2-300x225.jpeg 300w, https:\/\/cdn.campogrande.ms.gov.br\/portal\/prod\/uploads\/sites\/3\/2025\/12\/PREFEITA-ADRIANE-LOPES-VISITA-EMEI-Elenir-Zanqueta-Molina_ROBERTO-AJALA-3-1024x768-2-768x576.jpeg 768w\" sizes=\"(max-width: 1024px) 100vw, 1024px\" \/><\/figure>\n\n\n\n<p><strong>Educa\u00e7\u00e3o inclusiva, EJA e Educa\u00e7\u00e3o do Campo<\/strong><\/p>\n\n\n\n<p>A pol\u00edtica de Educa\u00e7\u00e3o Especial inclusiva foi consolidada ao longo do ano. A rede acompanhou 5.780 alunos com defici\u00eancia, com o suporte de 1.060 Assistentes Educacionais Inclusivos (AEIs), 306 Acompanhantes Pedag\u00f3gicos Especializados (APEs), 80 int\u00e9rpretes de Libras e 79 Salas de Recursos Multifuncionais, que atenderam 1.820 estudantes.<\/p>\n\n\n\n<p>O Centro Municipal de Educa\u00e7\u00e3o Especial Inclusiva realizou atendimento a 314 alunos em oficinas semanais, enquanto grupos psicopedag\u00f3gicos acompanharam 960 estudantes. O N\u00facleo Braille e Tipos Ampliados atendeu 143 alunos, e 126 estudantes com surdez receberam atendimento individualizado.<\/p>\n\n\n\n<p>A Educa\u00e7\u00e3o de Jovens e Adultos (EJA), reestruturada em 2023, manteve sua oferta em 11 unidades escolares. J\u00e1 a Educa\u00e7\u00e3o do Campo atendeu 2.315 alunos em nove escolas, com destaque para a Escola Agr\u00edcola Bar\u00e3o do Rio Branco, onde o Ensino M\u00e9dio j\u00e1 foi implantado e tem previs\u00e3o de amplia\u00e7\u00e3o at\u00e9 2026.<\/p>\n\n\n\n<p><strong>Seguran\u00e7a escolar e perspectivas<\/strong><\/p>\n\n\n\n<p>Em 2025, o Programa Educa\u00e7\u00e3o+Segura garantiu a implanta\u00e7\u00e3o do bot\u00e3o de p\u00e2nico em todas as escolas da REME, integrado \u00e0 Guarda Civil Metropolitana, assegurando tempo de resposta de at\u00e9 tr\u00eas minutos em situa\u00e7\u00f5es de emerg\u00eancia.<\/p>\n\n\n\n<p>Para 2026, a Rede Municipal de Ensino projeta a continuidade do programa Juntos Pela Escola, a entrega de novas EMEIs, a amplia\u00e7\u00e3o de vagas na Educa\u00e7\u00e3o Infantil, a conclus\u00e3o de obras estrat\u00e9gicas, a expans\u00e3o dos projetos pedag\u00f3gicos e esportivos, al\u00e9m do fortalecimento da Educa\u00e7\u00e3o Especial, da Educa\u00e7\u00e3o do Campo e da EJA.<\/p>\n\n\n\n<p>O balan\u00e7o de 2025 mostra uma rede em expans\u00e3o e em processo de reorganiza\u00e7\u00e3o, com investimentos que atingem desde a infraestrutura at\u00e9 a sala de aula, refor\u00e7ando o papel da educa\u00e7\u00e3o p\u00fablica como eixo central do desenvolvimento social de Campo Grande.<\/p>\n","protected":false},"author":669,"featured_media":155041,"template":"","meta":{"custom_icon_class":"","footnotes":""},"categories":[1],"tags":[],"class_list":["post-155040","sec-noticias","type-sec-noticias","status-publish","has-post-thumbnail","hentry","category-sem-categoria"],"acf":[],"_links":{"self":[{"href":"https:\/\/www.campogrande.ms.gov.br\/cgnoticias\/wp-json\/wp\/v2\/sec-noticias\/155040"}],"collection":[{"href":"https:\/\/www.campogrande.ms.gov.br\/cgnoticias\/wp-json\/wp\/v2\/sec-noticias"}],"about":[{"href":"https:\/\/www.campogrande.ms.gov.br\/cgnoticias\/wp-json\/wp\/v2\/types\/sec-noticias"}],"author":[{"embeddable":true,"href":"https:\/\/www.campogrande.ms.gov.br\/cgnoticias\/wp-json\/wp\/v2\/users\/669"}],"version-history":[{"count":2,"href":"https:\/\/www.campogrande.ms.gov.br\/cgnoticias\/wp-json\/wp\/v2\/sec-noticias\/155040\/revisions"}],"predecessor-version":[{"id":155044,"href":"https:\/\/www.campogrande.ms.gov.br\/cgnoticias\/wp-json\/wp\/v2\/sec-noticias\/155040\/revisions\/155044"}],"wp:featuredmedia":[{"embeddable":true,"href":"https:\/\/www.campogrande.ms.gov.br\/cgnoticias\/wp-json\/wp\/v2\/media\/155041"}],"wp:attachment":[{"href":"https:\/\/www.campogrande.ms.gov.br\/cgnoticias\/wp-json\/wp\/v2\/media?parent=155040"}],"wp:term":[{"taxonomy":"category","embeddable":true,"href":"https:\/\/www.campogrande.ms.gov.br\/cgnoticias\/wp-json\/wp\/v2\/categories?post=155040"},{"taxonomy":"post_tag","embeddable":true,"href":"https:\/\/www.campogrande.ms.gov.br\/cgnoticias\/wp-json\/wp\/v2\/tags?post=155040"}],"curies":[{"name":"wp","href":"https:\/\/api.w.org\/{rel}","templated":true}]}}