{"id":154248,"date":"2025-12-13T09:42:00","date_gmt":"2025-12-13T13:42:00","guid":{"rendered":"https:\/\/www.campogrande.ms.gov.br\/cgnoticias\/?post_type=sec-noticias&#038;p=154248"},"modified":"2025-12-13T14:26:22","modified_gmt":"2025-12-13T18:26:22","slug":"entre-fe-emocao-e-encontros-natal-na-praca-reune-mais-de-4-mil-pessoas","status":"publish","type":"sec-noticias","link":"https:\/\/www.campogrande.ms.gov.br\/cgnoticias\/noticia\/entre-fe-emocao-e-encontros-natal-na-praca-reune-mais-de-4-mil-pessoas\/","title":{"rendered":"Entre f\u00e9 e a emo\u00e7\u00e3o, Natal na Pra\u00e7a re\u00fane mais de 4 mil pessoas"},"content":{"rendered":"\n<p>Nem o tempo chuvoso afastou o p\u00fablico que tomou conta da Pra\u00e7a Ary Coelho na noite de sexta-feira (12) para viver uma experi\u00eancia marcada por f\u00e9, m\u00fasica e conviv\u00eancia familiar. Segundo a Guarda Civil Metropolitana (GCM), 4,6 mil pessoas acompanharam a programa\u00e7\u00e3o especial do Natal dos Sonhos 2025, que teve como ponto alto o show nacional da cantora Ana Paula Valad\u00e3o, l\u00edder do minist\u00e9rio Diante do Trono, que subiu ao palco ao lado do filho, Isaque Valad\u00e3o.<\/p>\n\n\n\n<p>O palco montado na Rua 14 de Junho, ao lado da Pra\u00e7a Ary Coelho, transformou o cora\u00e7\u00e3o de Campo Grande em um grande espa\u00e7o de encontro intergeracional, reunindo fam\u00edlias inteiras, jovens, crian\u00e7as e idosos em uma noite descrita por muitos como inesquec\u00edvel. Fogos de artif\u00edcios, luzes, decora\u00e7\u00e3o natalina, apresenta\u00e7\u00f5es culturais e a atmosfera de celebra\u00e7\u00e3o deram o tom de uma festa pensada para acolher todos os p\u00fablicos.<\/p>\n\n\n\n<figure class=\"wp-block-image size-large\"><img fetchpriority=\"high\" decoding=\"async\" width=\"1024\" height=\"682\" src=\"https:\/\/cdn.campogrande.ms.gov.br\/portal\/prod\/uploads\/sites\/3\/2025\/12\/WhatsApp-Image-2025-12-13-at-09.39.58-1-1024x682.jpeg\" alt=\"\" class=\"wp-image-154253\" srcset=\"https:\/\/cdn.campogrande.ms.gov.br\/portal\/prod\/uploads\/sites\/3\/2025\/12\/WhatsApp-Image-2025-12-13-at-09.39.58-1-1024x682.jpeg 1024w, https:\/\/cdn.campogrande.ms.gov.br\/portal\/prod\/uploads\/sites\/3\/2025\/12\/WhatsApp-Image-2025-12-13-at-09.39.58-1-300x200.jpeg 300w, https:\/\/cdn.campogrande.ms.gov.br\/portal\/prod\/uploads\/sites\/3\/2025\/12\/WhatsApp-Image-2025-12-13-at-09.39.58-1-768x512.jpeg 768w, https:\/\/cdn.campogrande.ms.gov.br\/portal\/prod\/uploads\/sites\/3\/2025\/12\/WhatsApp-Image-2025-12-13-at-09.39.58-1.jpeg 1280w\" sizes=\"(max-width: 1024px) 100vw, 1024px\" \/><\/figure>\n\n\n\n<p>Entre os presentes que acompanharam todo o espet\u00e1culo est\u00e1 Adriana Aparecida da Costa Silva, 52 anos, moradora do Guanandi II, que levou a filha Glaycan Franciele, de 33 anos, pessoa com defici\u00eancia e f\u00e3 da cantora Ana Paula Valad\u00e3o.<\/p>\n\n\n\n<p>\u201cEla escuta as m\u00fasicas dela todos os dias. Trazer minha filha para viver esse momento \u00e9 muito especial. Eu gostei demais dessa mudan\u00e7a, de trazer o Natal para o Centro. Ficou diferente, mais acess\u00edvel, trouxe outro tipo de p\u00fablico. Eu amei\u201d, contou.<\/p>\n\n\n\n<figure class=\"wp-block-image size-large\"><img decoding=\"async\" width=\"1024\" height=\"682\" src=\"https:\/\/cdn.campogrande.ms.gov.br\/portal\/prod\/uploads\/sites\/3\/2025\/12\/WhatsApp-Image-2025-12-13-at-09.40.59-1024x682.jpeg\" alt=\"\" class=\"wp-image-154250\" srcset=\"https:\/\/cdn.campogrande.ms.gov.br\/portal\/prod\/uploads\/sites\/3\/2025\/12\/WhatsApp-Image-2025-12-13-at-09.40.59-1024x682.jpeg 1024w, https:\/\/cdn.campogrande.ms.gov.br\/portal\/prod\/uploads\/sites\/3\/2025\/12\/WhatsApp-Image-2025-12-13-at-09.40.59-300x200.jpeg 300w, https:\/\/cdn.campogrande.ms.gov.br\/portal\/prod\/uploads\/sites\/3\/2025\/12\/WhatsApp-Image-2025-12-13-at-09.40.59-768x512.jpeg 768w, https:\/\/cdn.campogrande.ms.gov.br\/portal\/prod\/uploads\/sites\/3\/2025\/12\/WhatsApp-Image-2025-12-13-at-09.40.59.jpeg 1280w\" sizes=\"(max-width: 1024px) 100vw, 1024px\" \/><\/figure>\n\n\n\n<p>Do Jardim Carioca, Jaqueline Cunha Silva, 40 anos, participou acompanhada dos filhos, de 20 e 10 anos. F\u00e3 de Ana Paula Valad\u00e3o h\u00e1 mais de duas d\u00e9cadas, ela destacou o significado das can\u00e7\u00f5es.<\/p>\n\n\n\n<p>\u201cOs louvores s\u00e3o palavra cantada, \u00e9 B\u00edblia pura. \u00c9 algo que vem do alto. N\u00e3o \u00e9 s\u00f3 m\u00fasica, \u00e9 uma mensagem que toca a fam\u00edlia inteira\u201d, afirmou.<\/p>\n\n\n\n<p>J\u00e1 para a filha de Jaqueline, a estudante Rafaela, de 20 anos refor\u00e7ou o car\u00e1ter geracional do evento.<br>\u201cA Ana Paula faz parte da hist\u00f3ria de quem cresceu no meio crist\u00e3o, desde as m\u00fasicas infantis at\u00e9 hoje&#8221;.<\/p>\n\n\n\n<p>A estudante tamb\u00e9m aprovou a iniciatia da prefeitura em realizar o Natal, no centro de Campo Grande. &#8220;Trazer isso para o Centro facilita muito o acesso da popula\u00e7\u00e3o. \u00c9 lindo ver fam\u00edlias inteiras reunidas aqui\u201d, pontuou.<\/p>\n\n\n\n<figure class=\"wp-block-image size-large\"><img decoding=\"async\" width=\"1024\" height=\"682\" src=\"https:\/\/cdn.campogrande.ms.gov.br\/portal\/prod\/uploads\/sites\/3\/2025\/12\/WhatsApp-Image-2025-12-13-at-09.41.01-1024x682.jpeg\" alt=\"\" class=\"wp-image-154251\" srcset=\"https:\/\/cdn.campogrande.ms.gov.br\/portal\/prod\/uploads\/sites\/3\/2025\/12\/WhatsApp-Image-2025-12-13-at-09.41.01-1024x682.jpeg 1024w, https:\/\/cdn.campogrande.ms.gov.br\/portal\/prod\/uploads\/sites\/3\/2025\/12\/WhatsApp-Image-2025-12-13-at-09.41.01-300x200.jpeg 300w, https:\/\/cdn.campogrande.ms.gov.br\/portal\/prod\/uploads\/sites\/3\/2025\/12\/WhatsApp-Image-2025-12-13-at-09.41.01-768x512.jpeg 768w, https:\/\/cdn.campogrande.ms.gov.br\/portal\/prod\/uploads\/sites\/3\/2025\/12\/WhatsApp-Image-2025-12-13-at-09.41.01.jpeg 1280w\" sizes=\"(max-width: 1024px) 100vw, 1024px\" \/><\/figure>\n\n\n\n<p>Morador da regi\u00e3o central, o professor Eduardo Cantelo tamb\u00e9m fez quest\u00e3o de participar da programa\u00e7\u00e3o acompanhado dos filhos Rafael, de 5 anos, e Nicholas, de 11 anos. Para ele, o evento representa uma oportunidade de unir f\u00e9, cultura e conviv\u00eancia familiar em um espa\u00e7o p\u00fablico.<\/p>\n\n\n\n<p>\u201cEu j\u00e1 conhe\u00e7o as m\u00fasicas h\u00e1 bastante tempo da Ana Paula, mesmo n\u00e3o acompanhando os shows ao vivo. S\u00e3o can\u00e7\u00f5es muito presentes nas igrejas. Morar no Centro facilita participar, e trazer meus filhos para viver esse momento juntos \u00e9 algo muito significativo para a nossa fam\u00edlia\u201d, destacou.<\/p>\n\n\n\n<figure class=\"wp-block-image size-large\"><img loading=\"lazy\" decoding=\"async\" width=\"1024\" height=\"682\" src=\"https:\/\/cdn.campogrande.ms.gov.br\/portal\/prod\/uploads\/sites\/3\/2025\/12\/WhatsApp-Image-2025-12-13-at-09.41.03-1024x682.jpeg\" alt=\"\" class=\"wp-image-154252\" srcset=\"https:\/\/cdn.campogrande.ms.gov.br\/portal\/prod\/uploads\/sites\/3\/2025\/12\/WhatsApp-Image-2025-12-13-at-09.41.03-1024x682.jpeg 1024w, https:\/\/cdn.campogrande.ms.gov.br\/portal\/prod\/uploads\/sites\/3\/2025\/12\/WhatsApp-Image-2025-12-13-at-09.41.03-300x200.jpeg 300w, https:\/\/cdn.campogrande.ms.gov.br\/portal\/prod\/uploads\/sites\/3\/2025\/12\/WhatsApp-Image-2025-12-13-at-09.41.03-768x512.jpeg 768w, https:\/\/cdn.campogrande.ms.gov.br\/portal\/prod\/uploads\/sites\/3\/2025\/12\/WhatsApp-Image-2025-12-13-at-09.41.03.jpeg 1280w\" sizes=\"(max-width: 1024px) 100vw, 1024px\" \/><\/figure>\n\n\n\n<p><strong>\u201cN\u00e3o \u00e9 s\u00f3 um show, \u00e9 um encontro\u201d<\/strong><\/p>\n\n\n\n<p>Entusiasmada, a cantora Ana Paula Valad\u00e3o destacou a experi\u00eancia de cantar em plena pra\u00e7a p\u00fablica. \u201cEstar na pra\u00e7a da cidade \u00e9 algo muito especial. Cada vez \u00e9 como se fosse a primeira, porque Deus faz coisas novas. Isso aqui n\u00e3o \u00e9 s\u00f3 um show, \u00e9 um encontro. Um encontro com Deus, com a fam\u00edlia, com valores que come\u00e7am desde as crian\u00e7as\u201d.<\/p>\n\n\n\n<p>A cantora ainda elogiou a iniciativa da Prefeitura ao promover um Natal voltado \u00e0s fam\u00edlias. \u201cEstou apaixonada. A pra\u00e7a est\u00e1 linda, cheia de crian\u00e7as, m\u00fasica, cultura. Ver m\u00e3es e filhos cantando juntos inspira e fortalece. Que Campo Grande seja aben\u00e7oada e que as fam\u00edlias encontrem aqui um lugar de volta para casa\u201d.<\/p>\n\n\n\n<figure class=\"wp-block-image size-large\"><img loading=\"lazy\" decoding=\"async\" width=\"1024\" height=\"682\" src=\"https:\/\/cdn.campogrande.ms.gov.br\/portal\/prod\/uploads\/sites\/3\/2025\/12\/WhatsApp-Image-2025-12-13-at-09.40.08-1024x682.jpeg\" alt=\"\" class=\"wp-image-154254\" srcset=\"https:\/\/cdn.campogrande.ms.gov.br\/portal\/prod\/uploads\/sites\/3\/2025\/12\/WhatsApp-Image-2025-12-13-at-09.40.08-1024x682.jpeg 1024w, https:\/\/cdn.campogrande.ms.gov.br\/portal\/prod\/uploads\/sites\/3\/2025\/12\/WhatsApp-Image-2025-12-13-at-09.40.08-300x200.jpeg 300w, https:\/\/cdn.campogrande.ms.gov.br\/portal\/prod\/uploads\/sites\/3\/2025\/12\/WhatsApp-Image-2025-12-13-at-09.40.08-768x512.jpeg 768w, https:\/\/cdn.campogrande.ms.gov.br\/portal\/prod\/uploads\/sites\/3\/2025\/12\/WhatsApp-Image-2025-12-13-at-09.40.08.jpeg 1280w\" sizes=\"(max-width: 1024px) 100vw, 1024px\" \/><\/figure>\n\n\n\n<p>Ao lado da m\u00e3e no palco, Isaque Valad\u00e3o falou sobre a conex\u00e3o com os jovens e a nova gera\u00e7\u00e3o.<br>\u201cExiste um clamor dos jovens por sentido, por prop\u00f3sito. A igreja, a f\u00e9, s\u00e3o lugares de encontro, de apoio, de comunidade. \u00c9 um privil\u00e9gio estar aqui e ver pessoas de todas as idades reunidas\u201d, destacou.<\/p>\n\n\n\n<figure class=\"wp-block-image size-large\"><img loading=\"lazy\" decoding=\"async\" width=\"1024\" height=\"682\" src=\"https:\/\/cdn.campogrande.ms.gov.br\/portal\/prod\/uploads\/sites\/3\/2025\/12\/WhatsApp-Image-2025-12-13-at-09.39.58-2-1024x682.jpeg\" alt=\"\" class=\"wp-image-154255\" srcset=\"https:\/\/cdn.campogrande.ms.gov.br\/portal\/prod\/uploads\/sites\/3\/2025\/12\/WhatsApp-Image-2025-12-13-at-09.39.58-2-1024x682.jpeg 1024w, https:\/\/cdn.campogrande.ms.gov.br\/portal\/prod\/uploads\/sites\/3\/2025\/12\/WhatsApp-Image-2025-12-13-at-09.39.58-2-300x200.jpeg 300w, https:\/\/cdn.campogrande.ms.gov.br\/portal\/prod\/uploads\/sites\/3\/2025\/12\/WhatsApp-Image-2025-12-13-at-09.39.58-2-768x512.jpeg 768w, https:\/\/cdn.campogrande.ms.gov.br\/portal\/prod\/uploads\/sites\/3\/2025\/12\/WhatsApp-Image-2025-12-13-at-09.39.58-2.jpeg 1280w\" sizes=\"(max-width: 1024px) 100vw, 1024px\" \/><\/figure>\n\n\n\n<p><strong>Natal que une cultura, f\u00e9 e pol\u00edticas p\u00fablicas<\/strong><\/p>\n\n\n\n<p>A programa\u00e7\u00e3o do Natal na Pra\u00e7a Ary Coelho, que acontece diariamente das 17h \u00e0s 22h, integra a proposta do Natal dos Sonhos 2025, reunindo lazer, cultura e a\u00e7\u00f5es p\u00fablicas no Centro da Capital. O espa\u00e7o conta com Casa do Papai Noel, Pres\u00e9pio, \u00c1rvore de Natal iluminada, Espa\u00e7o Kids, pra\u00e7a de alimenta\u00e7\u00e3o e apresenta\u00e7\u00f5es culturais, al\u00e9m de a\u00e7\u00f5es integradas como os sorteios habitacionais da EMHA.<\/p>\n\n\n\n<p>O evento segue aberto at\u00e9 o dia 31 de dezembro, consolidando a Pra\u00e7a Ary Coelho como um dos principais pontos de visita\u00e7\u00e3o e conviv\u00eancia neste per\u00edodo natalino.<\/p>\n\n\n\n<figure class=\"wp-block-image size-large\"><img loading=\"lazy\" decoding=\"async\" width=\"1024\" height=\"681\" src=\"https:\/\/cdn.campogrande.ms.gov.br\/portal\/prod\/uploads\/sites\/3\/2025\/12\/WhatsApp-Image-2025-12-13-at-10.06.35-1024x681.jpeg\" alt=\"\" class=\"wp-image-154262\" srcset=\"https:\/\/cdn.campogrande.ms.gov.br\/portal\/prod\/uploads\/sites\/3\/2025\/12\/WhatsApp-Image-2025-12-13-at-10.06.35-1024x681.jpeg 1024w, https:\/\/cdn.campogrande.ms.gov.br\/portal\/prod\/uploads\/sites\/3\/2025\/12\/WhatsApp-Image-2025-12-13-at-10.06.35-300x200.jpeg 300w, https:\/\/cdn.campogrande.ms.gov.br\/portal\/prod\/uploads\/sites\/3\/2025\/12\/WhatsApp-Image-2025-12-13-at-10.06.35-768x511.jpeg 768w, https:\/\/cdn.campogrande.ms.gov.br\/portal\/prod\/uploads\/sites\/3\/2025\/12\/WhatsApp-Image-2025-12-13-at-10.06.35-1536x1021.jpeg 1536w, https:\/\/cdn.campogrande.ms.gov.br\/portal\/prod\/uploads\/sites\/3\/2025\/12\/WhatsApp-Image-2025-12-13-at-10.06.35.jpeg 1600w\" sizes=\"(max-width: 1024px) 100vw, 1024px\" \/><\/figure>\n\n\n\n<p>Em uma noite marcada por chuva, vozes e emo\u00e7\u00e3o vis\u00edvel no rosto do p\u00fablico, Campo Grande viveu mais do que um espet\u00e1culo musical: viveu um momento de uni\u00e3o, esperan\u00e7a e celebra\u00e7\u00e3o no cora\u00e7\u00e3o da cidade.<\/p>\n\n\n\n<p><em>#ParaTodosVerem: Imagens do evento realizado na Pra\u00e7a Ary Coelho.<\/em><\/p>\n\n\n\n<p><\/p>\n","protected":false},"author":669,"featured_media":154249,"template":"","meta":{"custom_icon_class":"","footnotes":""},"categories":[18],"tags":[],"class_list":["post-154248","sec-noticias","type-sec-noticias","status-publish","has-post-thumbnail","hentry","category-cultura"],"acf":[],"_links":{"self":[{"href":"https:\/\/www.campogrande.ms.gov.br\/cgnoticias\/wp-json\/wp\/v2\/sec-noticias\/154248"}],"collection":[{"href":"https:\/\/www.campogrande.ms.gov.br\/cgnoticias\/wp-json\/wp\/v2\/sec-noticias"}],"about":[{"href":"https:\/\/www.campogrande.ms.gov.br\/cgnoticias\/wp-json\/wp\/v2\/types\/sec-noticias"}],"author":[{"embeddable":true,"href":"https:\/\/www.campogrande.ms.gov.br\/cgnoticias\/wp-json\/wp\/v2\/users\/669"}],"version-history":[{"count":8,"href":"https:\/\/www.campogrande.ms.gov.br\/cgnoticias\/wp-json\/wp\/v2\/sec-noticias\/154248\/revisions"}],"predecessor-version":[{"id":154265,"href":"https:\/\/www.campogrande.ms.gov.br\/cgnoticias\/wp-json\/wp\/v2\/sec-noticias\/154248\/revisions\/154265"}],"wp:featuredmedia":[{"embeddable":true,"href":"https:\/\/www.campogrande.ms.gov.br\/cgnoticias\/wp-json\/wp\/v2\/media\/154249"}],"wp:attachment":[{"href":"https:\/\/www.campogrande.ms.gov.br\/cgnoticias\/wp-json\/wp\/v2\/media?parent=154248"}],"wp:term":[{"taxonomy":"category","embeddable":true,"href":"https:\/\/www.campogrande.ms.gov.br\/cgnoticias\/wp-json\/wp\/v2\/categories?post=154248"},{"taxonomy":"post_tag","embeddable":true,"href":"https:\/\/www.campogrande.ms.gov.br\/cgnoticias\/wp-json\/wp\/v2\/tags?post=154248"}],"curies":[{"name":"wp","href":"https:\/\/api.w.org\/{rel}","templated":true}]}}